{"id":1050,"date":"2015-01-30T14:30:22","date_gmt":"2015-01-30T12:30:22","guid":{"rendered":"http:\/\/www.thomphotos.fr\/blog\/?p=1050"},"modified":"2015-01-30T14:30:22","modified_gmt":"2015-01-30T12:30:22","slug":"ici-le-sol","status":"publish","type":"post","link":"http:\/\/www.thomphotos.fr\/blog\/ici-le-sol\/","title":{"rendered":"Ici le sol&#8230;"},"content":{"rendered":"<div id=\"fb_share_1\" style=\"float: right; margin-left: 10px;\"><a name=\"fb_share\" type=\"box_count\" share_url=\"http:\/\/www.thomphotos.fr\/blog\/ici-le-sol\/\" href=\"http:\/\/www.facebook.com\/sharer.php\">Share<\/a><\/div><div><script src=\"http:\/\/static.ak.fbcdn.net\/connect.php\/js\/FB.Share\" type=\"text\/javascript\"><\/script><\/div><p>&#8230;nous sommes recouverts de glace ! Des cristaux g\u00e9ants de plusieurs millim\u00e8tres (oui, millim\u00e8tres !) de haut nous submergent sortez les doudounes en poils de pucerons !<\/p>\n<div style=\"width: 810px\" class=\"wp-caption alignnone\"><img loading=\"lazy\" decoding=\"async\" class=\"\" src=\"http:\/\/www.thomphotos.fr\/images\/nature\/Gelee_janvier2015_10.jpg\" alt=\"\" width=\"800\" height=\"231\" \/><p class=\"wp-caption-text\">Gelee_janvier2015_10<\/p><\/div>\n<p>Aujourd&rsquo;hui, <a href=\"http:\/\/www.thomphotos.fr\/index.php?page=photos_nature_p10\">12 photos en macro<\/a> du gel qui enfoui sous les cristaux de glace les fourmis, abeilles et insectes en tout genre ainsi qu&rsquo;\u00e0 peu pr\u00e8s toutes les plantes du jardin.<\/p>\n<p>Je vous souhaite une tr\u00e8s bon week-end et gare au rhum !<img decoding=\"async\" src=\"http:\/\/www.thomphotos.fr\/blog\/wp-includes\/images\/smilies\/icon_wink.gif\" alt=\";-)\" \/><\/p>\n","protected":false},"excerpt":{"rendered":"<p>Share&#8230;nous sommes recouverts de glace ! Des cristaux g\u00e9ants de plusieurs millim\u00e8tres (oui, millim\u00e8tres !) de haut nous submergent sortez les doudounes en poils de pucerons ! Aujourd&rsquo;hui, 12 photos en macro du gel qui enfoui sous les cristaux de &hellip; <a href=\"http:\/\/www.thomphotos.fr\/blog\/ici-le-sol\/\">Continuer la lecture <span class=\"meta-nav\">&rarr;<\/span><\/a><\/p>\n","protected":false},"author":1,"featured_media":0,"comment_status":"open","ping_status":"open","sticky":false,"template":"","format":"standard","meta":{"footnotes":""},"categories":[11,124,4],"tags":[180,198,176],"class_list":["post-1050","post","type-post","status-publish","format-standard","hentry","category-macro","category-nature","category-photos","tag-macro","tag-nature","tag-photos"],"_links":{"self":[{"href":"http:\/\/www.thomphotos.fr\/blog\/wp-json\/wp\/v2\/posts\/1050","targetHints":{"allow":["GET"]}}],"collection":[{"href":"http:\/\/www.thomphotos.fr\/blog\/wp-json\/wp\/v2\/posts"}],"about":[{"href":"http:\/\/www.thomphotos.fr\/blog\/wp-json\/wp\/v2\/types\/post"}],"author":[{"embeddable":true,"href":"http:\/\/www.thomphotos.fr\/blog\/wp-json\/wp\/v2\/users\/1"}],"replies":[{"embeddable":true,"href":"http:\/\/www.thomphotos.fr\/blog\/wp-json\/wp\/v2\/comments?post=1050"}],"version-history":[{"count":1,"href":"http:\/\/www.thomphotos.fr\/blog\/wp-json\/wp\/v2\/posts\/1050\/revisions"}],"predecessor-version":[{"id":1051,"href":"http:\/\/www.thomphotos.fr\/blog\/wp-json\/wp\/v2\/posts\/1050\/revisions\/1051"}],"wp:attachment":[{"href":"http:\/\/www.thomphotos.fr\/blog\/wp-json\/wp\/v2\/media?parent=1050"}],"wp:term":[{"taxonomy":"category","embeddable":true,"href":"http:\/\/www.thomphotos.fr\/blog\/wp-json\/wp\/v2\/categories?post=1050"},{"taxonomy":"post_tag","embeddable":true,"href":"http:\/\/www.thomphotos.fr\/blog\/wp-json\/wp\/v2\/tags?post=1050"}],"curies":[{"name":"wp","href":"https:\/\/api.w.org\/{rel}","templated":true}]}}