{"id":1058,"date":"2015-02-27T13:25:53","date_gmt":"2015-02-27T11:25:53","guid":{"rendered":"http:\/\/www.thomphotos.fr\/blog\/?p=1058"},"modified":"2015-02-27T13:25:53","modified_gmt":"2015-02-27T11:25:53","slug":"architecture-malemortoise","status":"publish","type":"post","link":"http:\/\/www.thomphotos.fr\/blog\/architecture-malemortoise\/","title":{"rendered":"Architecture Malemortoise"},"content":{"rendered":"<div id=\"fb_share_1\" style=\"float: right; margin-left: 10px;\"><a name=\"fb_share\" type=\"box_count\" share_url=\"http:\/\/www.thomphotos.fr\/blog\/architecture-malemortoise\/\" href=\"http:\/\/www.facebook.com\/sharer.php\">Share<\/a><\/div><div><script src=\"http:\/\/static.ak.fbcdn.net\/connect.php\/js\/FB.Share\" type=\"text\/javascript\"><\/script><\/div><p>Aujourd&rsquo;hui, pas d&rsquo;astro comme je l&rsquo;avais dis&#8230; car changement de programme, ce ne serra pas es photos d&rsquo;astro ajout\u00e9es en vrac, mais un reportage qui sortira le vendredi 20 mars&#8230; car \u00e0 cette date, il y\u00a0 aura aussi une \u00e9clipse \u00e0 10h17 du matin !<img decoding=\"async\" src=\"http:\/\/www.thomphotos.fr\/blog\/wp-includes\/images\/smilies\/icon_wink.gif\" alt=\";-)\" \/> (Alors pr\u00e9parez vos lunettes en mylar pour pouvoir en profiter sans s&rsquo;abimer les yeux (de pr\u00e9f\u00e9rence des neuves, car celles datant de la derni\u00e8re grosse \u00e9clipse d&rsquo;il y a plusieurs ann\u00e9es risque d&rsquo;\u00eatre trop vieilles).)<\/p>\n<p>&nbsp;<\/p>\n<p>En attendant, <a href=\"http:\/\/www.thomphotos.fr\/index.php?page=photos_archi_p6\">voici les photos du jour<\/a>. 7 photos de la ville de Malemort, avec son \u00e9glise Saint Xantin du XII\u00e8me si\u00e8cle, inscrite au patrimoine national, un de ses 2 stades (principalement rugby, normal<img decoding=\"async\" src=\"http:\/\/www.thomphotos.fr\/blog\/wp-includes\/images\/smilies\/icon_mrgreen.gif\" alt=\":mrgreen:\" \/>).<\/p>\n<div style=\"width: 810px\" class=\"wp-caption alignnone\"><img loading=\"lazy\" decoding=\"async\" class=\"\" src=\"http:\/\/www.thomphotos.fr\/images\/archi\/Eglise_Saint_Xantin_1.jpg\" alt=\"\" width=\"800\" height=\"533\" \/><p class=\"wp-caption-text\">Eglise_Saint_Xantin_1<\/p><\/div>\n<p>Je vous souhaite un tr\u00e8s bon week-end et \u00e0 la semaine prochaine !<\/p>\n","protected":false},"excerpt":{"rendered":"<p>ShareAujourd&rsquo;hui, pas d&rsquo;astro comme je l&rsquo;avais dis&#8230; car changement de programme, ce ne serra pas es photos d&rsquo;astro ajout\u00e9es en vrac, mais un reportage qui sortira le vendredi 20 mars&#8230; car \u00e0 cette date, il y\u00a0 aura aussi une \u00e9clipse &hellip; <a href=\"http:\/\/www.thomphotos.fr\/blog\/architecture-malemortoise\/\">Continuer la lecture <span class=\"meta-nav\">&rarr;<\/span><\/a><\/p>\n","protected":false},"author":1,"featured_media":0,"comment_status":"open","ping_status":"open","sticky":false,"template":"","format":"standard","meta":{"footnotes":""},"categories":[7,3,4],"tags":[178,175,176],"class_list":["post-1058","post","type-post","status-publish","format-standard","hentry","category-architecture","category-news","category-photos","tag-architecture","tag-news","tag-photos"],"_links":{"self":[{"href":"http:\/\/www.thomphotos.fr\/blog\/wp-json\/wp\/v2\/posts\/1058","targetHints":{"allow":["GET"]}}],"collection":[{"href":"http:\/\/www.thomphotos.fr\/blog\/wp-json\/wp\/v2\/posts"}],"about":[{"href":"http:\/\/www.thomphotos.fr\/blog\/wp-json\/wp\/v2\/types\/post"}],"author":[{"embeddable":true,"href":"http:\/\/www.thomphotos.fr\/blog\/wp-json\/wp\/v2\/users\/1"}],"replies":[{"embeddable":true,"href":"http:\/\/www.thomphotos.fr\/blog\/wp-json\/wp\/v2\/comments?post=1058"}],"version-history":[{"count":1,"href":"http:\/\/www.thomphotos.fr\/blog\/wp-json\/wp\/v2\/posts\/1058\/revisions"}],"predecessor-version":[{"id":1059,"href":"http:\/\/www.thomphotos.fr\/blog\/wp-json\/wp\/v2\/posts\/1058\/revisions\/1059"}],"wp:attachment":[{"href":"http:\/\/www.thomphotos.fr\/blog\/wp-json\/wp\/v2\/media?parent=1058"}],"wp:term":[{"taxonomy":"category","embeddable":true,"href":"http:\/\/www.thomphotos.fr\/blog\/wp-json\/wp\/v2\/categories?post=1058"},{"taxonomy":"post_tag","embeddable":true,"href":"http:\/\/www.thomphotos.fr\/blog\/wp-json\/wp\/v2\/tags?post=1058"}],"curies":[{"name":"wp","href":"https:\/\/api.w.org\/{rel}","templated":true}]}}