{"id":1166,"date":"2015-09-11T19:07:08","date_gmt":"2015-09-11T17:07:08","guid":{"rendered":"http:\/\/www.thomphotos.fr\/blog\/?p=1166"},"modified":"2015-09-11T19:07:08","modified_gmt":"2015-09-11T17:07:08","slug":"menthe-a-la-mouche","status":"publish","type":"post","link":"http:\/\/www.thomphotos.fr\/blog\/menthe-a-la-mouche\/","title":{"rendered":"Menthe \u00e0 la mouche"},"content":{"rendered":"<div id=\"fb_share_1\" style=\"float: right; margin-left: 10px;\"><a name=\"fb_share\" type=\"box_count\" share_url=\"http:\/\/www.thomphotos.fr\/blog\/menthe-a-la-mouche\/\" href=\"http:\/\/www.facebook.com\/sharer.php\">Share<\/a><\/div><div><script src=\"http:\/\/static.ak.fbcdn.net\/connect.php\/js\/FB.Share\" type=\"text\/javascript\"><\/script><\/div><p>Ce n&rsquo;est pas un nouveau plat, je suis juste tomb\u00e9 en rad&rsquo; d&rsquo;id\u00e9es pour le titre de l&rsquo;article d&rsquo;aujourd&rsquo;hui.<img decoding=\"async\" src=\"http:\/\/www.thomphotos.fr\/blog\/wp-includes\/images\/smilies\/icon_rolleyes.gif\" alt=\":roll:\" \/><\/p>\n<p>Bonjour \u00e0 tous quand m\u00eame !<img decoding=\"async\" src=\"http:\/\/www.thomphotos.fr\/blog\/wp-includes\/images\/smilies\/icon_mrgreen.gif\" alt=\":mrgreen:\" \/><\/p>\n<div style=\"width: 610px\" class=\"wp-caption alignnone\"><img loading=\"lazy\" decoding=\"async\" class=\"\" src=\"http:\/\/www.thomphotos.fr\/images\/nature\/Mouche_et_Menthe.jpg\" alt=\"\" width=\"600\" height=\"763\" \/><p class=\"wp-caption-text\">Mouche_et_Menthe<\/p><\/div>\n<p>Aujourd&rsquo;hui, je vous propose <a href=\"http:\/\/www.thomphotos.fr\/index.php?page=photos_nature_p11\">5 photos de nature (plut\u00f4t du c\u00f4t\u00e9 jardin d&rsquo;ailleurs)<\/a> pendant qu&rsquo;il fait encore quelques heures de beau.<\/p>\n<p>&nbsp;<\/p>\n<p>Je vous souhaite \u00e0 tous un tr\u00e8s bon week-end et sortez couverts ! <img decoding=\"async\" src=\"http:\/\/www.thomphotos.fr\/blog\/wp-includes\/images\/smilies\/icon_wink.gif\" alt=\";-)\" \/><\/p>\n<p>(Rho ! Je pensais au parapluie \u00e0 cause de la flotte pr\u00e9vue pour ce week-end&#8230; le koala est en train de pioncer dans je ne sais quel bar du bout du monde actuellement, ce n&rsquo;est pas moi qui ferai des blague vaseuses comme \u00e7a !)<\/p>\n","protected":false},"excerpt":{"rendered":"<p>ShareCe n&rsquo;est pas un nouveau plat, je suis juste tomb\u00e9 en rad&rsquo; d&rsquo;id\u00e9es pour le titre de l&rsquo;article d&rsquo;aujourd&rsquo;hui. Bonjour \u00e0 tous quand m\u00eame ! Aujourd&rsquo;hui, je vous propose 5 photos de nature (plut\u00f4t du c\u00f4t\u00e9 jardin d&rsquo;ailleurs) pendant qu&rsquo;il &hellip; <a href=\"http:\/\/www.thomphotos.fr\/blog\/menthe-a-la-mouche\/\">Continuer la lecture <span class=\"meta-nav\">&rarr;<\/span><\/a><\/p>\n","protected":false},"author":1,"featured_media":0,"comment_status":"open","ping_status":"open","sticky":false,"template":"","format":"standard","meta":{"footnotes":""},"categories":[6,13,11,124,4],"tags":[177,181,180,198,176],"class_list":["post-1166","post","type-post","status-publish","format-standard","hentry","category-animaux","category-fleurs","category-macro","category-nature","category-photos","tag-animaux","tag-fleurs","tag-macro","tag-nature","tag-photos"],"_links":{"self":[{"href":"http:\/\/www.thomphotos.fr\/blog\/wp-json\/wp\/v2\/posts\/1166","targetHints":{"allow":["GET"]}}],"collection":[{"href":"http:\/\/www.thomphotos.fr\/blog\/wp-json\/wp\/v2\/posts"}],"about":[{"href":"http:\/\/www.thomphotos.fr\/blog\/wp-json\/wp\/v2\/types\/post"}],"author":[{"embeddable":true,"href":"http:\/\/www.thomphotos.fr\/blog\/wp-json\/wp\/v2\/users\/1"}],"replies":[{"embeddable":true,"href":"http:\/\/www.thomphotos.fr\/blog\/wp-json\/wp\/v2\/comments?post=1166"}],"version-history":[{"count":1,"href":"http:\/\/www.thomphotos.fr\/blog\/wp-json\/wp\/v2\/posts\/1166\/revisions"}],"predecessor-version":[{"id":1167,"href":"http:\/\/www.thomphotos.fr\/blog\/wp-json\/wp\/v2\/posts\/1166\/revisions\/1167"}],"wp:attachment":[{"href":"http:\/\/www.thomphotos.fr\/blog\/wp-json\/wp\/v2\/media?parent=1166"}],"wp:term":[{"taxonomy":"category","embeddable":true,"href":"http:\/\/www.thomphotos.fr\/blog\/wp-json\/wp\/v2\/categories?post=1166"},{"taxonomy":"post_tag","embeddable":true,"href":"http:\/\/www.thomphotos.fr\/blog\/wp-json\/wp\/v2\/tags?post=1166"}],"curies":[{"name":"wp","href":"https:\/\/api.w.org\/{rel}","templated":true}]}}