{"id":1168,"date":"2015-09-15T23:19:21","date_gmt":"2015-09-15T21:19:21","guid":{"rendered":"http:\/\/www.thomphotos.fr\/blog\/?p=1168"},"modified":"2015-09-15T23:19:40","modified_gmt":"2015-09-15T21:19:40","slug":"la-faute-a-l-autre","status":"publish","type":"post","link":"http:\/\/www.thomphotos.fr\/blog\/la-faute-a-l-autre\/","title":{"rendered":"la faute \u00e0 l&rsquo;autre !"},"content":{"rendered":"<div id=\"fb_share_1\" style=\"float: right; margin-left: 10px;\"><a name=\"fb_share\" type=\"box_count\" share_url=\"http:\/\/www.thomphotos.fr\/blog\/la-faute-a-l-autre\/\" href=\"http:\/\/www.facebook.com\/sharer.php\">Share<\/a><\/div><div><script src=\"http:\/\/static.ak.fbcdn.net\/connect.php\/js\/FB.Share\" type=\"text\/javascript\"><\/script><\/div><p>Bonsoir \u00e0 tous !<\/p>\n<p>Quelques news de cuisine aujourd&rsquo;hui : J&rsquo;ai fais un peu plus de 12 petits pots de conserve de pur\u00e9e de tomate (merci aux 13kg de tomates du jardin&#8230; <img decoding=\"async\" src=\"http:\/\/www.thomphotos.fr\/blog\/wp-includes\/images\/smilies\/icon_mrgreen.gif\" alt=\":mrgreen:\" \/>). Mais en quoi \u00e7a vous int\u00e9resse ? Hmm&#8230; peut-\u00eatre pour la petite recette en photos ?<img decoding=\"async\" src=\"http:\/\/www.thomphotos.fr\/blog\/wp-includes\/images\/smilies\/icon_rolleyes.gif\" alt=\":roll:\" \/><\/p>\n<p>Concernant le reste : J&rsquo;avance le prochain reportage (le suivant va \u00eatre plus facile \u00e0 r\u00e9diger !). La r\u00e9daction est dure \u00e0 cause de la quantit\u00e9 d&rsquo;informations \u00e0 compiler, mais aussi de la teneur des informations&#8230;<\/p>\n<p>Je sors cet article un peu tard que je me fais harceler (gentiment) sur fesses-de-plouc et skype par une amie qui est dans une phase de d\u00e9lires importants (ne vous \u00e9tonnez donc pas si jamais le site est repeint en rose ou si \u00e7a se met \u00e0 parler de licornes et de kung fury dans les commentaires&#8230;<img decoding=\"async\" src=\"http:\/\/www.thomphotos.fr\/blog\/wp-includes\/images\/smilies\/icon_mrgreen.gif\" alt=\":mrgreen:\" \/>).<\/p>\n<p>&nbsp;<\/p>\n<p>En attendant, je vous souhaite une tr\u00e8s bonne soir\u00e9e, bon courage pour la semaine. Bon courage aussi aux nombreux sinistr\u00e9s (\u00e0 cause des inondations dans le sud-ouest). Et \u00e0 vendredi !<img decoding=\"async\" src=\"http:\/\/www.thomphotos.fr\/blog\/wp-includes\/images\/smilies\/icon_wink.gif\" alt=\";-)\" \/><\/p>\n","protected":false},"excerpt":{"rendered":"<p>ShareBonsoir \u00e0 tous ! Quelques news de cuisine aujourd&rsquo;hui : J&rsquo;ai fais un peu plus de 12 petits pots de conserve de pur\u00e9e de tomate (merci aux 13kg de tomates du jardin&#8230; ). Mais en quoi \u00e7a vous int\u00e9resse ? &hellip; <a href=\"http:\/\/www.thomphotos.fr\/blog\/la-faute-a-l-autre\/\">Continuer la lecture <span class=\"meta-nav\">&rarr;<\/span><\/a><\/p>\n","protected":false},"author":1,"featured_media":0,"comment_status":"open","ping_status":"open","sticky":false,"template":"","format":"standard","meta":{"footnotes":""},"categories":[3],"tags":[175],"class_list":["post-1168","post","type-post","status-publish","format-standard","hentry","category-news","tag-news"],"_links":{"self":[{"href":"http:\/\/www.thomphotos.fr\/blog\/wp-json\/wp\/v2\/posts\/1168","targetHints":{"allow":["GET"]}}],"collection":[{"href":"http:\/\/www.thomphotos.fr\/blog\/wp-json\/wp\/v2\/posts"}],"about":[{"href":"http:\/\/www.thomphotos.fr\/blog\/wp-json\/wp\/v2\/types\/post"}],"author":[{"embeddable":true,"href":"http:\/\/www.thomphotos.fr\/blog\/wp-json\/wp\/v2\/users\/1"}],"replies":[{"embeddable":true,"href":"http:\/\/www.thomphotos.fr\/blog\/wp-json\/wp\/v2\/comments?post=1168"}],"version-history":[{"count":2,"href":"http:\/\/www.thomphotos.fr\/blog\/wp-json\/wp\/v2\/posts\/1168\/revisions"}],"predecessor-version":[{"id":1170,"href":"http:\/\/www.thomphotos.fr\/blog\/wp-json\/wp\/v2\/posts\/1168\/revisions\/1170"}],"wp:attachment":[{"href":"http:\/\/www.thomphotos.fr\/blog\/wp-json\/wp\/v2\/media?parent=1168"}],"wp:term":[{"taxonomy":"category","embeddable":true,"href":"http:\/\/www.thomphotos.fr\/blog\/wp-json\/wp\/v2\/categories?post=1168"},{"taxonomy":"post_tag","embeddable":true,"href":"http:\/\/www.thomphotos.fr\/blog\/wp-json\/wp\/v2\/tags?post=1168"}],"curies":[{"name":"wp","href":"https:\/\/api.w.org\/{rel}","templated":true}]}}