{"id":1176,"date":"2015-09-22T17:57:13","date_gmt":"2015-09-22T15:57:13","guid":{"rendered":"http:\/\/www.thomphotos.fr\/blog\/?p=1176"},"modified":"2015-09-22T17:57:13","modified_gmt":"2015-09-22T15:57:13","slug":"en-attente-du-reportage","status":"publish","type":"post","link":"http:\/\/www.thomphotos.fr\/blog\/en-attente-du-reportage\/","title":{"rendered":"En attente du reportage&#8230;"},"content":{"rendered":"<div id=\"fb_share_1\" style=\"float: right; margin-left: 10px;\"><a name=\"fb_share\" type=\"box_count\" share_url=\"http:\/\/www.thomphotos.fr\/blog\/en-attente-du-reportage\/\" href=\"http:\/\/www.facebook.com\/sharer.php\">Share<\/a><\/div><div><script src=\"http:\/\/static.ak.fbcdn.net\/connect.php\/js\/FB.Share\" type=\"text\/javascript\"><\/script><\/div><p>Bonjour \u00e0 tous !<\/p>\n<p>&nbsp;<\/p>\n<p>Aujourd&rsquo;hui nous sommes mardi, et comme tout les mardis, c&rsquo;est le temps des news !<\/p>\n<p>J&rsquo;esp\u00e8re que la recette \u00e0 la tomate de vendredi vous a plu.<img decoding=\"async\" src=\"http:\/\/www.thomphotos.fr\/blog\/wp-includes\/images\/smilies\/icon_mrgreen.gif\" alt=\":mrgreen:\" \/><\/p>\n<p>Pour commencer, les news habituelles concernant le reportage en cours de r\u00e9daction&#8230; Je pense que ce sera celui auquel j&rsquo;aurais mis le plus de temps \u00e0 en r\u00e9diger le contenu : 1 mois environ uniquement pour le texte. Il faut dire que ce reportage me demande de gros efforts, que ce soit par rapport \u00e0 la quantit\u00e9 de textes ou par rapport au sujet. Mais \u00e7a va, j&rsquo;en vois bient\u00f4t la fin et avec de la chance, il se peut que le reportage sorte ce vendredi (au pire vendredi prochain).<\/p>\n<p>Il y a d&rsquo;ailleurs 2 autres reportages en attente de r\u00e9daction. Un reportage tr\u00e8s nature o\u00f9 il n&rsquo;y aura pas beaucoup de texte. Et un reportage tr\u00e8s&#8230; particulier&#8230; sur un sujet que j&rsquo;aime beaucoup mais dont je n&rsquo;ai pas souvent l&rsquo;occasion de faire. Ce reportage-ci, je travaille \u00e0 son d\u00e9veloppement depuis un peu plus d&rsquo;un an maintenant et j&rsquo;ai fais quelques voyages pour le continuer&#8230; Je me suis m\u00eame fais aid\u00e9 de plusieurs personnes, que ce soit pour le tournage des vid\u00e9os, la documentation ou mise en place du mat\u00e9riel.<\/p>\n<p>Concernant les photos maintenant&#8230; rien de plus, le temps est \u00e0 la pluie, peu de sorties et peu de temps pour en faire (surtout ces quelques derniers jours). (\u00e7a c&rsquo;est de l&rsquo;information !<img decoding=\"async\" src=\"http:\/\/www.thomphotos.fr\/blog\/wp-includes\/images\/smilies\/icon_mrgreen.gif\" alt=\":mrgreen:\" \/>)<\/p>\n<p>&nbsp;<\/p>\n<p>Concernant le Koala, je n&rsquo;ai pas eu de nouvelles de cet hurluberlu depuis un moment maintenant, aux derni\u00e8res nouvelles il \u00e9tait en Ukraine et comptait faire une descente \u00e0 Paris, mais je ne sais pas ce qu&rsquo;il en est maintenant&#8230;.<img decoding=\"async\" src=\"http:\/\/www.thomphotos.fr\/blog\/wp-includes\/images\/smilies\/icon_neutral.gif\" alt=\":|\" \/><\/p>\n<p>&nbsp;<\/p>\n<p>Je vous souhaite une tr\u00e8s bonne soir\u00e9e \u00e0 tous et vous donne rendez-vous vendredi pour le reportage ou plusieurs photos.<img decoding=\"async\" src=\"http:\/\/www.thomphotos.fr\/blog\/wp-includes\/images\/smilies\/icon_wink.gif\" alt=\";-)\" \/><\/p>\n","protected":false},"excerpt":{"rendered":"<p>ShareBonjour \u00e0 tous ! &nbsp; Aujourd&rsquo;hui nous sommes mardi, et comme tout les mardis, c&rsquo;est le temps des news ! J&rsquo;esp\u00e8re que la recette \u00e0 la tomate de vendredi vous a plu. Pour commencer, les news habituelles concernant le reportage &hellip; <a href=\"http:\/\/www.thomphotos.fr\/blog\/en-attente-du-reportage\/\">Continuer la lecture <span class=\"meta-nav\">&rarr;<\/span><\/a><\/p>\n","protected":false},"author":1,"featured_media":0,"comment_status":"open","ping_status":"open","sticky":false,"template":"","format":"standard","meta":{"footnotes":""},"categories":[3],"tags":[175],"class_list":["post-1176","post","type-post","status-publish","format-standard","hentry","category-news","tag-news"],"_links":{"self":[{"href":"http:\/\/www.thomphotos.fr\/blog\/wp-json\/wp\/v2\/posts\/1176","targetHints":{"allow":["GET"]}}],"collection":[{"href":"http:\/\/www.thomphotos.fr\/blog\/wp-json\/wp\/v2\/posts"}],"about":[{"href":"http:\/\/www.thomphotos.fr\/blog\/wp-json\/wp\/v2\/types\/post"}],"author":[{"embeddable":true,"href":"http:\/\/www.thomphotos.fr\/blog\/wp-json\/wp\/v2\/users\/1"}],"replies":[{"embeddable":true,"href":"http:\/\/www.thomphotos.fr\/blog\/wp-json\/wp\/v2\/comments?post=1176"}],"version-history":[{"count":1,"href":"http:\/\/www.thomphotos.fr\/blog\/wp-json\/wp\/v2\/posts\/1176\/revisions"}],"predecessor-version":[{"id":1177,"href":"http:\/\/www.thomphotos.fr\/blog\/wp-json\/wp\/v2\/posts\/1176\/revisions\/1177"}],"wp:attachment":[{"href":"http:\/\/www.thomphotos.fr\/blog\/wp-json\/wp\/v2\/media?parent=1176"}],"wp:term":[{"taxonomy":"category","embeddable":true,"href":"http:\/\/www.thomphotos.fr\/blog\/wp-json\/wp\/v2\/categories?post=1176"},{"taxonomy":"post_tag","embeddable":true,"href":"http:\/\/www.thomphotos.fr\/blog\/wp-json\/wp\/v2\/tags?post=1176"}],"curies":[{"name":"wp","href":"https:\/\/api.w.org\/{rel}","templated":true}]}}