{"id":1178,"date":"2015-09-25T20:06:21","date_gmt":"2015-09-25T18:06:21","guid":{"rendered":"http:\/\/www.thomphotos.fr\/blog\/?p=1178"},"modified":"2015-09-25T20:06:21","modified_gmt":"2015-09-25T18:06:21","slug":"3x4","status":"publish","type":"post","link":"http:\/\/www.thomphotos.fr\/blog\/3x4\/","title":{"rendered":"3&#215;4"},"content":{"rendered":"<div id=\"fb_share_1\" style=\"float: right; margin-left: 10px;\"><a name=\"fb_share\" type=\"box_count\" share_url=\"http:\/\/www.thomphotos.fr\/blog\/3x4\/\" href=\"http:\/\/www.facebook.com\/sharer.php\">Share<\/a><\/div><div><script src=\"http:\/\/static.ak.fbcdn.net\/connect.php\/js\/FB.Share\" type=\"text\/javascript\"><\/script><\/div><p>Bonsoir \u00e0 tous !<\/p>\n<p>Quel titre myst\u00e9rieux ce soir <img decoding=\"async\" src=\"http:\/\/www.thomphotos.fr\/blog\/wp-includes\/images\/smilies\/icon_eek.gif\" alt=\":shock:\" \/>! Mais pourtant tout b\u00eate : 3 pour la 3D et 4 pour les 4 feuilles du tr\u00e8fle.<\/p>\n<p>(je sais, je ne me suis pas foul\u00e9 pour la trouver celle-l\u00e0&#8230;<img decoding=\"async\" src=\"http:\/\/www.thomphotos.fr\/blog\/wp-includes\/images\/smilies\/icon_mrgreen.gif\" alt=\":mrgreen:\" \/>)<\/p>\n<p>Il n&rsquo;y a malheureusement qu&rsquo;une seule photo&#8230; mais je m&rsquo;y remettrai plus s\u00e9rieusement \u00e0 l&rsquo;occasion, je garde \u00e7a toujours dans un coin de mon esprit.<img decoding=\"async\" src=\"http:\/\/www.thomphotos.fr\/blog\/wp-includes\/images\/smilies\/icon_smile.gif\" alt=\":smile:\" \/><\/p>\n<div style=\"width: 810px\" class=\"wp-caption alignnone\"><img loading=\"lazy\" decoding=\"async\" class=\"\" src=\"http:\/\/www.thomphotos.fr\/images\/3D\/Trefles_a_4_feuilles_en_3D.jpg\" alt=\"\" width=\"800\" height=\"533\" \/><p class=\"wp-caption-text\">Trefles_a_4_feuilles_en_3D<\/p><\/div>\n<p>Comme vous vous en doutez, je n&rsquo;ai pas encore termin\u00e9 le reportage&#8230; mais \u00e7a avance toujours, je pense en avoir termin\u00e9 les 2\/3 maintenant.<\/p>\n<p>&nbsp;<\/p>\n<p>En attendant, je vous souhaite une bonne soir\u00e9e et un tr\u00e8s bon week-end. \u00c0 mardi !<img decoding=\"async\" src=\"http:\/\/www.thomphotos.fr\/blog\/wp-includes\/images\/smilies\/icon_wink.gif\" alt=\";-)\" \/><\/p>\n","protected":false},"excerpt":{"rendered":"<p>ShareBonsoir \u00e0 tous ! Quel titre myst\u00e9rieux ce soir ! Mais pourtant tout b\u00eate : 3 pour la 3D et 4 pour les 4 feuilles du tr\u00e8fle. (je sais, je ne me suis pas foul\u00e9 pour la trouver celle-l\u00e0&#8230;) Il &hellip; <a href=\"http:\/\/www.thomphotos.fr\/blog\/3x4\/\">Continuer la lecture <span class=\"meta-nav\">&rarr;<\/span><\/a><\/p>\n","protected":false},"author":1,"featured_media":0,"comment_status":"open","ping_status":"open","sticky":false,"template":"","format":"standard","meta":{"footnotes":""},"categories":[141,11,124,4],"tags":[199,180,198,176],"class_list":["post-1178","post","type-post","status-publish","format-standard","hentry","category-3d","category-macro","category-nature","category-photos","tag-3d","tag-macro","tag-nature","tag-photos"],"_links":{"self":[{"href":"http:\/\/www.thomphotos.fr\/blog\/wp-json\/wp\/v2\/posts\/1178","targetHints":{"allow":["GET"]}}],"collection":[{"href":"http:\/\/www.thomphotos.fr\/blog\/wp-json\/wp\/v2\/posts"}],"about":[{"href":"http:\/\/www.thomphotos.fr\/blog\/wp-json\/wp\/v2\/types\/post"}],"author":[{"embeddable":true,"href":"http:\/\/www.thomphotos.fr\/blog\/wp-json\/wp\/v2\/users\/1"}],"replies":[{"embeddable":true,"href":"http:\/\/www.thomphotos.fr\/blog\/wp-json\/wp\/v2\/comments?post=1178"}],"version-history":[{"count":1,"href":"http:\/\/www.thomphotos.fr\/blog\/wp-json\/wp\/v2\/posts\/1178\/revisions"}],"predecessor-version":[{"id":1179,"href":"http:\/\/www.thomphotos.fr\/blog\/wp-json\/wp\/v2\/posts\/1178\/revisions\/1179"}],"wp:attachment":[{"href":"http:\/\/www.thomphotos.fr\/blog\/wp-json\/wp\/v2\/media?parent=1178"}],"wp:term":[{"taxonomy":"category","embeddable":true,"href":"http:\/\/www.thomphotos.fr\/blog\/wp-json\/wp\/v2\/categories?post=1178"},{"taxonomy":"post_tag","embeddable":true,"href":"http:\/\/www.thomphotos.fr\/blog\/wp-json\/wp\/v2\/tags?post=1178"}],"curies":[{"name":"wp","href":"https:\/\/api.w.org\/{rel}","templated":true}]}}