{"id":1315,"date":"2016-04-19T21:53:06","date_gmt":"2016-04-19T19:53:06","guid":{"rendered":"http:\/\/www.thomphotos.fr\/blog\/?p=1315"},"modified":"2016-04-19T21:53:06","modified_gmt":"2016-04-19T19:53:06","slug":"news-du-mardi-soir-5","status":"publish","type":"post","link":"http:\/\/www.thomphotos.fr\/blog\/news-du-mardi-soir-5\/","title":{"rendered":"News du mardi soir"},"content":{"rendered":"<div id=\"fb_share_1\" style=\"float: right; margin-left: 10px;\"><a name=\"fb_share\" type=\"box_count\" share_url=\"http:\/\/www.thomphotos.fr\/blog\/news-du-mardi-soir-5\/\" href=\"http:\/\/www.facebook.com\/sharer.php\">Share<\/a><\/div><div><script src=\"http:\/\/static.ak.fbcdn.net\/connect.php\/js\/FB.Share\" type=\"text\/javascript\"><\/script><\/div><p>Bonsoir \u00e0 tous !<\/p>\n<p>Quelques news ce soir (comme tout les mardis ! <img decoding=\"async\" src=\"http:\/\/www.thomphotos.fr\/blog\/wp-includes\/images\/smilies\/icon_rolleyes.gif\" alt=\":roll:\" \/>) :<\/p>\n<p>J&rsquo;ai eu de bons retours sur la vid\u00e9o du TGS avec l&rsquo;interview de Siraza (et beaucoup de vues en peu de jours, j&rsquo;ai jamais eu un d\u00e9part aussi rapide : Merci au stream de Siraza et au fait que j&rsquo;ai sortis la vid\u00e9o assez vite apr\u00e8s le TGS ).<img decoding=\"async\" src=\"http:\/\/www.thomphotos.fr\/blog\/wp-includes\/images\/smilies\/icon_biggrin.gif\" alt=\":grin:\" \/><\/p>\n<p>Concernant le TGS toujours, le reportage ne sortira pas ce vendredi, mais le vendredi prochain. En cause : j&rsquo;ai eu des photos et vid\u00e9os \u00e0 faire samedi soir pour les 30 ans de l&rsquo;orchestre Alauzeta de Brive (dans lequel joue un bon ami \u00e0 moi).<\/p>\n<p>Mais ne vous en faites pas, pour vendredi, j&rsquo;ai quelques photos dans ma manche !<img decoding=\"async\" src=\"http:\/\/www.thomphotos.fr\/blog\/wp-includes\/images\/smilies\/icon_mrgreen.gif\" alt=\":mrgreen:\" \/><\/p>\n<p>Je vous souhaite une donc une bonne soir\u00e9e, une bonne semaine et rendez-vous vendredi !<img decoding=\"async\" src=\"http:\/\/www.thomphotos.fr\/blog\/wp-includes\/images\/smilies\/icon_wink.gif\" alt=\";-)\" \/><\/p>\n","protected":false},"excerpt":{"rendered":"<p>ShareBonsoir \u00e0 tous ! Quelques news ce soir (comme tout les mardis ! ) : J&rsquo;ai eu de bons retours sur la vid\u00e9o du TGS avec l&rsquo;interview de Siraza (et beaucoup de vues en peu de jours, j&rsquo;ai jamais eu &hellip; <a href=\"http:\/\/www.thomphotos.fr\/blog\/news-du-mardi-soir-5\/\">Continuer la lecture <span class=\"meta-nav\">&rarr;<\/span><\/a><\/p>\n","protected":false},"author":1,"featured_media":0,"comment_status":"open","ping_status":"open","sticky":false,"template":"","format":"standard","meta":{"footnotes":""},"categories":[3],"tags":[175],"class_list":["post-1315","post","type-post","status-publish","format-standard","hentry","category-news","tag-news"],"_links":{"self":[{"href":"http:\/\/www.thomphotos.fr\/blog\/wp-json\/wp\/v2\/posts\/1315","targetHints":{"allow":["GET"]}}],"collection":[{"href":"http:\/\/www.thomphotos.fr\/blog\/wp-json\/wp\/v2\/posts"}],"about":[{"href":"http:\/\/www.thomphotos.fr\/blog\/wp-json\/wp\/v2\/types\/post"}],"author":[{"embeddable":true,"href":"http:\/\/www.thomphotos.fr\/blog\/wp-json\/wp\/v2\/users\/1"}],"replies":[{"embeddable":true,"href":"http:\/\/www.thomphotos.fr\/blog\/wp-json\/wp\/v2\/comments?post=1315"}],"version-history":[{"count":1,"href":"http:\/\/www.thomphotos.fr\/blog\/wp-json\/wp\/v2\/posts\/1315\/revisions"}],"predecessor-version":[{"id":1316,"href":"http:\/\/www.thomphotos.fr\/blog\/wp-json\/wp\/v2\/posts\/1315\/revisions\/1316"}],"wp:attachment":[{"href":"http:\/\/www.thomphotos.fr\/blog\/wp-json\/wp\/v2\/media?parent=1315"}],"wp:term":[{"taxonomy":"category","embeddable":true,"href":"http:\/\/www.thomphotos.fr\/blog\/wp-json\/wp\/v2\/categories?post=1315"},{"taxonomy":"post_tag","embeddable":true,"href":"http:\/\/www.thomphotos.fr\/blog\/wp-json\/wp\/v2\/tags?post=1315"}],"curies":[{"name":"wp","href":"https:\/\/api.w.org\/{rel}","templated":true}]}}