{"id":1362,"date":"2016-07-22T23:05:34","date_gmt":"2016-07-22T21:05:34","guid":{"rendered":"http:\/\/www.thomphotos.fr\/blog\/?p=1362"},"modified":"2016-07-22T23:05:34","modified_gmt":"2016-07-22T21:05:34","slug":"quelques-news-au-schnaps-et-de-la-pub","status":"publish","type":"post","link":"http:\/\/www.thomphotos.fr\/blog\/quelques-news-au-schnaps-et-de-la-pub\/","title":{"rendered":"Quelques news au schnaps et de la pub"},"content":{"rendered":"<div id=\"fb_share_1\" style=\"float: right; margin-left: 10px;\"><a name=\"fb_share\" type=\"box_count\" share_url=\"http:\/\/www.thomphotos.fr\/blog\/quelques-news-au-schnaps-et-de-la-pub\/\" href=\"http:\/\/www.facebook.com\/sharer.php\">Share<\/a><\/div><div><script src=\"http:\/\/static.ak.fbcdn.net\/connect.php\/js\/FB.Share\" type=\"text\/javascript\"><\/script><\/div><p>Bonsoir \u00e0 tous !<\/p>\n<p>Que je vous rassure, c&rsquo;est pas moi qui vais ajouter de la pub sur mon site (celle qu&rsquo;il y a d\u00e9j\u00e0 est bien suffisante et peu visible <img decoding=\"async\" src=\"http:\/\/www.thomphotos.fr\/blog\/wp-includes\/images\/smilies\/icon_mrgreen.gif\" alt=\":mrgreen:\" \/>). C&rsquo;est simplement que j&rsquo;ai r\u00e9alis\u00e9 des photos dans le cadre d&rsquo;une mission photo pour l&rsquo;office de tourisme de Brive-la-Gaillarde via la plateforme Shoot4me. Qu&rsquo;une de mes photos a \u00e9t\u00e9 s\u00e9lectionn\u00e9e et que du coup, on peut admirer ma photo dans les espaces publicitaires de la r\u00e9gion ! \u00e9tant plus que content de \u00e7a, j&rsquo;ai fini par d\u00e9busquer une des grandes affiches 4x3m de pub o\u00f9 a \u00e9t\u00e9 utilis\u00e9e ma photo. Laquelle affiche j&rsquo;ai pris en photo, que voici :<\/p>\n<p><img loading=\"lazy\" decoding=\"async\" class=\"aligncenter size-full wp-image-1363\" src=\"http:\/\/www.thomphotos.fr\/blog\/wp-content\/uploads\/2016\/07\/Pub_causse_1.jpg\" alt=\"Pub_causse_1\" width=\"800\" height=\"533\" srcset=\"http:\/\/www.thomphotos.fr\/blog\/wp-content\/uploads\/2016\/07\/Pub_causse_1.jpg 800w, http:\/\/www.thomphotos.fr\/blog\/wp-content\/uploads\/2016\/07\/Pub_causse_1-300x200.jpg 300w, http:\/\/www.thomphotos.fr\/blog\/wp-content\/uploads\/2016\/07\/Pub_causse_1-768x512.jpg 768w, http:\/\/www.thomphotos.fr\/blog\/wp-content\/uploads\/2016\/07\/Pub_causse_1-450x300.jpg 450w\" sizes=\"auto, (max-width: 800px) 100vw, 800px\" \/><\/p>\n<p>Et comme il y a eu une photo ce soir, je m&rsquo;en excuse, mais elle va devoir suffire pour le moment, je n&rsquo;ai vraiment pas eu le temps de pr\u00e9parer d&rsquo;autres photos pour le site. Et celles qui \u00e9taient pr\u00eates&#8230; ben je les ai oubli\u00e9 \u00e0 Brive&#8230;<img decoding=\"async\" src=\"http:\/\/www.thomphotos.fr\/blog\/wp-includes\/images\/smilies\/icon_rolleyes.gif\" alt=\":roll:\" \/><\/p>\n<p>Il va y avoir pas mal de photos qui vont venir sur le site, il y a aussi encore un reportage \u00e0 mettre, quelques autres bricoles pour le site en lui-m\u00eame&#8230; la photo-BD du koala et le projet secret&#8230; Pas mal de choses et ce n&rsquo;est pas pr\u00eat de s&rsquo;arr\u00eater !<\/p>\n<p>Il y aura d&rsquo;autres news mardi, en attendant, je vous souhaite un tr\u00e8s bon week-end.<\/p>\n<p>Kenavo !<img decoding=\"async\" src=\"http:\/\/www.thomphotos.fr\/blog\/wp-includes\/images\/smilies\/icon_wink.gif\" alt=\";-)\" \/><\/p>\n","protected":false},"excerpt":{"rendered":"<p>ShareBonsoir \u00e0 tous ! Que je vous rassure, c&rsquo;est pas moi qui vais ajouter de la pub sur mon site (celle qu&rsquo;il y a d\u00e9j\u00e0 est bien suffisante et peu visible ). C&rsquo;est simplement que j&rsquo;ai r\u00e9alis\u00e9 des photos dans &hellip; <a href=\"http:\/\/www.thomphotos.fr\/blog\/quelques-news-au-schnaps-et-de-la-pub\/\">Continuer la lecture <span class=\"meta-nav\">&rarr;<\/span><\/a><\/p>\n","protected":false},"author":1,"featured_media":0,"comment_status":"open","ping_status":"open","sticky":false,"template":"","format":"standard","meta":{"footnotes":""},"categories":[40,4],"tags":[192,176],"class_list":["post-1362","post","type-post","status-publish","format-standard","hentry","category-ma-pomme","category-photos","tag-ma-pomme","tag-photos"],"_links":{"self":[{"href":"http:\/\/www.thomphotos.fr\/blog\/wp-json\/wp\/v2\/posts\/1362","targetHints":{"allow":["GET"]}}],"collection":[{"href":"http:\/\/www.thomphotos.fr\/blog\/wp-json\/wp\/v2\/posts"}],"about":[{"href":"http:\/\/www.thomphotos.fr\/blog\/wp-json\/wp\/v2\/types\/post"}],"author":[{"embeddable":true,"href":"http:\/\/www.thomphotos.fr\/blog\/wp-json\/wp\/v2\/users\/1"}],"replies":[{"embeddable":true,"href":"http:\/\/www.thomphotos.fr\/blog\/wp-json\/wp\/v2\/comments?post=1362"}],"version-history":[{"count":1,"href":"http:\/\/www.thomphotos.fr\/blog\/wp-json\/wp\/v2\/posts\/1362\/revisions"}],"predecessor-version":[{"id":1364,"href":"http:\/\/www.thomphotos.fr\/blog\/wp-json\/wp\/v2\/posts\/1362\/revisions\/1364"}],"wp:attachment":[{"href":"http:\/\/www.thomphotos.fr\/blog\/wp-json\/wp\/v2\/media?parent=1362"}],"wp:term":[{"taxonomy":"category","embeddable":true,"href":"http:\/\/www.thomphotos.fr\/blog\/wp-json\/wp\/v2\/categories?post=1362"},{"taxonomy":"post_tag","embeddable":true,"href":"http:\/\/www.thomphotos.fr\/blog\/wp-json\/wp\/v2\/tags?post=1362"}],"curies":[{"name":"wp","href":"https:\/\/api.w.org\/{rel}","templated":true}]}}