{"id":1369,"date":"2016-08-05T15:52:07","date_gmt":"2016-08-05T13:52:07","guid":{"rendered":"http:\/\/www.thomphotos.fr\/blog\/?p=1369"},"modified":"2016-08-05T15:52:07","modified_gmt":"2016-08-05T13:52:07","slug":"premieres-photos-de-bretagne-2016","status":"publish","type":"post","link":"http:\/\/www.thomphotos.fr\/blog\/premieres-photos-de-bretagne-2016\/","title":{"rendered":"Premi\u00e8res photos de Bretagne 2016"},"content":{"rendered":"<div id=\"fb_share_1\" style=\"float: right; margin-left: 10px;\"><a name=\"fb_share\" type=\"box_count\" share_url=\"http:\/\/www.thomphotos.fr\/blog\/premieres-photos-de-bretagne-2016\/\" href=\"http:\/\/www.facebook.com\/sharer.php\">Share<\/a><\/div><div><script src=\"http:\/\/static.ak.fbcdn.net\/connect.php\/js\/FB.Share\" type=\"text\/javascript\"><\/script><\/div><p>Bonjour \u00e0 tous,<\/p>\n<p>Aujourd&rsquo;hui, je commence \u00e0 mettre les photos de Bretagne. On commence simplement avec <a href=\"http:\/\/www.thomphotos.fr\/index.php?page=photos_archi_7\">les photos d&rsquo;architectures de Saint-Malo<\/a>, la cit\u00e9 corsaire !<\/p>\n<div style=\"width: 810px\" class=\"wp-caption alignnone\"><img loading=\"lazy\" decoding=\"async\" class=\"\" src=\"http:\/\/www.thomphotos.fr\/images\/archi\/Bretagne_2016_6.jpg\" width=\"800\" height=\"535\" \/><p class=\"wp-caption-text\">Bretagne_2016_6<\/p><\/div>\n<p>Vendredi prochain&#8230; surprise sur le sujet des photos haha ! <img decoding=\"async\" src=\"http:\/\/www.thomphotos.fr\/blog\/wp-includes\/images\/smilies\/icon_mrgreen.gif\" alt=\":mrgreen:\" \/> en attendant, je vous souhaite un bon week-end <img decoding=\"async\" src=\"http:\/\/www.thomphotos.fr\/blog\/wp-includes\/images\/smilies\/icon_wink.gif\" alt=\";-)\" \/><\/p>\n","protected":false},"excerpt":{"rendered":"<p>ShareBonjour \u00e0 tous, Aujourd&rsquo;hui, je commence \u00e0 mettre les photos de Bretagne. On commence simplement avec les photos d&rsquo;architectures de Saint-Malo, la cit\u00e9 corsaire ! Vendredi prochain&#8230; surprise sur le sujet des photos haha ! en attendant, je vous souhaite &hellip; <a href=\"http:\/\/www.thomphotos.fr\/blog\/premieres-photos-de-bretagne-2016\/\">Continuer la lecture <span class=\"meta-nav\">&rarr;<\/span><\/a><\/p>\n","protected":false},"author":1,"featured_media":0,"comment_status":"open","ping_status":"open","sticky":false,"template":"","format":"standard","meta":{"footnotes":""},"categories":[7,4],"tags":[178,176],"class_list":["post-1369","post","type-post","status-publish","format-standard","hentry","category-architecture","category-photos","tag-architecture","tag-photos"],"_links":{"self":[{"href":"http:\/\/www.thomphotos.fr\/blog\/wp-json\/wp\/v2\/posts\/1369","targetHints":{"allow":["GET"]}}],"collection":[{"href":"http:\/\/www.thomphotos.fr\/blog\/wp-json\/wp\/v2\/posts"}],"about":[{"href":"http:\/\/www.thomphotos.fr\/blog\/wp-json\/wp\/v2\/types\/post"}],"author":[{"embeddable":true,"href":"http:\/\/www.thomphotos.fr\/blog\/wp-json\/wp\/v2\/users\/1"}],"replies":[{"embeddable":true,"href":"http:\/\/www.thomphotos.fr\/blog\/wp-json\/wp\/v2\/comments?post=1369"}],"version-history":[{"count":1,"href":"http:\/\/www.thomphotos.fr\/blog\/wp-json\/wp\/v2\/posts\/1369\/revisions"}],"predecessor-version":[{"id":1370,"href":"http:\/\/www.thomphotos.fr\/blog\/wp-json\/wp\/v2\/posts\/1369\/revisions\/1370"}],"wp:attachment":[{"href":"http:\/\/www.thomphotos.fr\/blog\/wp-json\/wp\/v2\/media?parent=1369"}],"wp:term":[{"taxonomy":"category","embeddable":true,"href":"http:\/\/www.thomphotos.fr\/blog\/wp-json\/wp\/v2\/categories?post=1369"},{"taxonomy":"post_tag","embeddable":true,"href":"http:\/\/www.thomphotos.fr\/blog\/wp-json\/wp\/v2\/tags?post=1369"}],"curies":[{"name":"wp","href":"https:\/\/api.w.org\/{rel}","templated":true}]}}