{"id":1432,"date":"2016-12-30T15:45:59","date_gmt":"2016-12-30T13:45:59","guid":{"rendered":"http:\/\/www.thomphotos.fr\/blog\/?p=1432"},"modified":"2016-12-30T15:45:59","modified_gmt":"2016-12-30T13:45:59","slug":"bacteria","status":"publish","type":"post","link":"http:\/\/www.thomphotos.fr\/blog\/bacteria\/","title":{"rendered":"Bacteria"},"content":{"rendered":"<div id=\"fb_share_1\" style=\"float: right; margin-left: 10px;\"><a name=\"fb_share\" type=\"box_count\" share_url=\"http:\/\/www.thomphotos.fr\/blog\/bacteria\/\" href=\"http:\/\/www.facebook.com\/sharer.php\">Share<\/a><\/div><div><script src=\"http:\/\/static.ak.fbcdn.net\/connect.php\/js\/FB.Share\" type=\"text\/javascript\"><\/script><\/div><p>Bonjour \u00e0 tous !<\/p>\n<p>J&rsquo;esp\u00e8re que les f\u00eates de No\u00ebl se sont bien pass\u00e9es pour vous !<img decoding=\"async\" src=\"http:\/\/www.thomphotos.fr\/blog\/wp-includes\/images\/smilies\/icon_wink.gif\" alt=\";-)\" \/><\/p>\n<p>Pour ma part, \u00e7a s&rsquo;est tr\u00e8s bien pass\u00e9. Et voici trois photos particuli\u00e8res, ce ne sont pas des bact\u00e9ries malgr\u00e9 le titre, m\u00eame si \u00e7a y ressemble. Ce sont des r\u00e9sultats de s\u00e9dimentations d&rsquo;eau color\u00e9es que je trouvais jolis graphiquement.<\/p>\n<div style=\"width: 610px\" class=\"wp-caption alignnone\"><img loading=\"lazy\" decoding=\"async\" class=\"size-full\" src=\"http:\/\/www.thomphotos.fr\/images\/divers\/Bacteria_2.jpg\" width=\"600\" height=\"600\" \/><p class=\"wp-caption-text\">Bacteria_2<\/p><\/div>\n<p>Je vous souhaite \u00e0 tous une tr\u00e8s bonne soir\u00e9e de r\u00e9veillon et pour les curieux, n&rsquo;oubliez pas que je serai en stream demain pour un petit stream du nouvel an ici : <img decoding=\"async\" src=\"http:\/\/www.thomphotos.fr\/blog\/wp-includes\/images\/smilies\/icon_wink.gif\" alt=\";-)\" \/><\/p>\n<p><a href=\"https:\/\/www.twitch.tv\/thomisou\">https:\/\/www.twitch.tv\/thomisou<\/a><\/p>\n","protected":false},"excerpt":{"rendered":"<p>ShareBonjour \u00e0 tous ! J&rsquo;esp\u00e8re que les f\u00eates de No\u00ebl se sont bien pass\u00e9es pour vous ! Pour ma part, \u00e7a s&rsquo;est tr\u00e8s bien pass\u00e9. Et voici trois photos particuli\u00e8res, ce ne sont pas des bact\u00e9ries malgr\u00e9 le titre, m\u00eame &hellip; <a href=\"http:\/\/www.thomphotos.fr\/blog\/bacteria\/\">Continuer la lecture <span class=\"meta-nav\">&rarr;<\/span><\/a><\/p>\n","protected":false},"author":1,"featured_media":0,"comment_status":"open","ping_status":"open","sticky":false,"template":"","format":"standard","meta":{"footnotes":""},"categories":[4,37],"tags":[176,189],"class_list":["post-1432","post","type-post","status-publish","format-standard","hentry","category-photos","category-technologies","tag-photos","tag-technologies"],"_links":{"self":[{"href":"http:\/\/www.thomphotos.fr\/blog\/wp-json\/wp\/v2\/posts\/1432","targetHints":{"allow":["GET"]}}],"collection":[{"href":"http:\/\/www.thomphotos.fr\/blog\/wp-json\/wp\/v2\/posts"}],"about":[{"href":"http:\/\/www.thomphotos.fr\/blog\/wp-json\/wp\/v2\/types\/post"}],"author":[{"embeddable":true,"href":"http:\/\/www.thomphotos.fr\/blog\/wp-json\/wp\/v2\/users\/1"}],"replies":[{"embeddable":true,"href":"http:\/\/www.thomphotos.fr\/blog\/wp-json\/wp\/v2\/comments?post=1432"}],"version-history":[{"count":1,"href":"http:\/\/www.thomphotos.fr\/blog\/wp-json\/wp\/v2\/posts\/1432\/revisions"}],"predecessor-version":[{"id":1433,"href":"http:\/\/www.thomphotos.fr\/blog\/wp-json\/wp\/v2\/posts\/1432\/revisions\/1433"}],"wp:attachment":[{"href":"http:\/\/www.thomphotos.fr\/blog\/wp-json\/wp\/v2\/media?parent=1432"}],"wp:term":[{"taxonomy":"category","embeddable":true,"href":"http:\/\/www.thomphotos.fr\/blog\/wp-json\/wp\/v2\/categories?post=1432"},{"taxonomy":"post_tag","embeddable":true,"href":"http:\/\/www.thomphotos.fr\/blog\/wp-json\/wp\/v2\/tags?post=1432"}],"curies":[{"name":"wp","href":"https:\/\/api.w.org\/{rel}","templated":true}]}}