{"id":1434,"date":"2017-01-06T19:04:09","date_gmt":"2017-01-06T17:04:09","guid":{"rendered":"http:\/\/www.thomphotos.fr\/blog\/?p=1434"},"modified":"2017-01-06T19:04:09","modified_gmt":"2017-01-06T17:04:09","slug":"fete-des-vendanges-russin-2016","status":"publish","type":"post","link":"http:\/\/www.thomphotos.fr\/blog\/fete-des-vendanges-russin-2016\/","title":{"rendered":"F\u00eate des vendanges Russin 2016"},"content":{"rendered":"<div id=\"fb_share_1\" style=\"float: right; margin-left: 10px;\"><a name=\"fb_share\" type=\"box_count\" share_url=\"http:\/\/www.thomphotos.fr\/blog\/fete-des-vendanges-russin-2016\/\" href=\"http:\/\/www.facebook.com\/sharer.php\">Share<\/a><\/div><div><script src=\"http:\/\/static.ak.fbcdn.net\/connect.php\/js\/FB.Share\" type=\"text\/javascript\"><\/script><\/div><p>Bonsoir \u00e0 tous,<\/p>\n<p>Un peu de retard pour la sortie des photos de la f\u00eate des vendanges, mais en voici une dizaine, toutes sur le th\u00e8me nature : en <a href=\"http:\/\/www.thomphotos.fr\/index.php?page=photos_nature_12\">pages 12<\/a> <a href=\"http:\/\/www.thomphotos.fr\/index.php?page=photos_nature_13\">et 13.<\/a><\/p>\n<div style=\"width: 543px\" class=\"wp-caption alignnone\"><img loading=\"lazy\" decoding=\"async\" class=\"size-full\" src=\"http:\/\/www.thomphotos.fr\/images\/nature\/Fete_vendanges_russin_2016_12.jpg\" width=\"533\" height=\"800\" \/><p class=\"wp-caption-text\">Fete_vendanges_russin_2016_12<\/p><\/div>\n<p>L&rsquo;article de vendredi prochain est avanc\u00e9 \u00e0 jeudi soir car je ne serai pas l\u00e0 le week-end, vous aurez la chance d&rsquo;avoir l&rsquo;article 24h plus t\u00f4t ! <img decoding=\"async\" src=\"http:\/\/www.thomphotos.fr\/blog\/wp-includes\/images\/smilies\/icon_razz.gif\" alt=\":razz:\" \/><\/p>\n<p>&nbsp;<\/p>\n<p>En attendant, je vous souhaite un tr\u00e8s bon week-end et \u00e0 la semaine prochaine !<img decoding=\"async\" src=\"http:\/\/www.thomphotos.fr\/blog\/wp-includes\/images\/smilies\/icon_wink.gif\" alt=\";-)\" \/><\/p>\n","protected":false},"excerpt":{"rendered":"<p>ShareBonsoir \u00e0 tous, Un peu de retard pour la sortie des photos de la f\u00eate des vendanges, mais en voici une dizaine, toutes sur le th\u00e8me nature : en pages 12 et 13. L&rsquo;article de vendredi prochain est avanc\u00e9 \u00e0 &hellip; <a href=\"http:\/\/www.thomphotos.fr\/blog\/fete-des-vendanges-russin-2016\/\">Continuer la lecture <span class=\"meta-nav\">&rarr;<\/span><\/a><\/p>\n","protected":false},"author":1,"featured_media":0,"comment_status":"open","ping_status":"open","sticky":false,"template":"","format":"standard","meta":{"footnotes":""},"categories":[124,3,4],"tags":[198,175,176],"class_list":["post-1434","post","type-post","status-publish","format-standard","hentry","category-nature","category-news","category-photos","tag-nature","tag-news","tag-photos"],"_links":{"self":[{"href":"http:\/\/www.thomphotos.fr\/blog\/wp-json\/wp\/v2\/posts\/1434","targetHints":{"allow":["GET"]}}],"collection":[{"href":"http:\/\/www.thomphotos.fr\/blog\/wp-json\/wp\/v2\/posts"}],"about":[{"href":"http:\/\/www.thomphotos.fr\/blog\/wp-json\/wp\/v2\/types\/post"}],"author":[{"embeddable":true,"href":"http:\/\/www.thomphotos.fr\/blog\/wp-json\/wp\/v2\/users\/1"}],"replies":[{"embeddable":true,"href":"http:\/\/www.thomphotos.fr\/blog\/wp-json\/wp\/v2\/comments?post=1434"}],"version-history":[{"count":1,"href":"http:\/\/www.thomphotos.fr\/blog\/wp-json\/wp\/v2\/posts\/1434\/revisions"}],"predecessor-version":[{"id":1435,"href":"http:\/\/www.thomphotos.fr\/blog\/wp-json\/wp\/v2\/posts\/1434\/revisions\/1435"}],"wp:attachment":[{"href":"http:\/\/www.thomphotos.fr\/blog\/wp-json\/wp\/v2\/media?parent=1434"}],"wp:term":[{"taxonomy":"category","embeddable":true,"href":"http:\/\/www.thomphotos.fr\/blog\/wp-json\/wp\/v2\/categories?post=1434"},{"taxonomy":"post_tag","embeddable":true,"href":"http:\/\/www.thomphotos.fr\/blog\/wp-json\/wp\/v2\/tags?post=1434"}],"curies":[{"name":"wp","href":"https:\/\/api.w.org\/{rel}","templated":true}]}}