{"id":1458,"date":"2017-03-24T19:57:31","date_gmt":"2017-03-24T17:57:31","guid":{"rendered":"http:\/\/www.thomphotos.fr\/blog\/?p=1458"},"modified":"2017-03-24T19:57:31","modified_gmt":"2017-03-24T17:57:31","slug":"le-printemps-est-la","status":"publish","type":"post","link":"http:\/\/www.thomphotos.fr\/blog\/le-printemps-est-la\/","title":{"rendered":"Le printemps est l\u00e0"},"content":{"rendered":"<div id=\"fb_share_1\" style=\"float: right; margin-left: 10px;\"><a name=\"fb_share\" type=\"box_count\" share_url=\"http:\/\/www.thomphotos.fr\/blog\/le-printemps-est-la\/\" href=\"http:\/\/www.facebook.com\/sharer.php\">Share<\/a><\/div><div><script src=\"http:\/\/static.ak.fbcdn.net\/connect.php\/js\/FB.Share\" type=\"text\/javascript\"><\/script><\/div><p>Bonjour \u00e0 tous !<\/p>\n<p>Aujourd&rsquo;hui, pour le retour du printemps ce week-end, voici 5 photos de nature. En esp\u00e9rant que \u00e7a fasse revenir le soleil rapidement&#8230;. et ainsi avoir plus de photooos !<\/p>\n<div style=\"width: 810px\" class=\"wp-caption alignnone\"><img loading=\"lazy\" decoding=\"async\" class=\"size-full\" src=\"http:\/\/www.thomphotos.fr\/images\/nature\/Mousse_violette_1.jpg\" width=\"800\" height=\"533\" \/><p class=\"wp-caption-text\">Mousse_violette_1<\/p><\/div>\n<p>&nbsp;<\/p>\n<p>Je vous souhaite un tr\u00e8s bon week-end, n&rsquo;oubliez pas le changement d&rsquo;heure !<\/p>\n<p>\u00c0 vendredi !<img decoding=\"async\" src=\"http:\/\/www.thomphotos.fr\/blog\/wp-includes\/images\/smilies\/icon_wink.gif\" alt=\";-)\" \/><\/p>\n","protected":false},"excerpt":{"rendered":"<p>ShareBonjour \u00e0 tous ! Aujourd&rsquo;hui, pour le retour du printemps ce week-end, voici 5 photos de nature. En esp\u00e9rant que \u00e7a fasse revenir le soleil rapidement&#8230;. et ainsi avoir plus de photooos ! &nbsp; Je vous souhaite un tr\u00e8s bon &hellip; <a href=\"http:\/\/www.thomphotos.fr\/blog\/le-printemps-est-la\/\">Continuer la lecture <span class=\"meta-nav\">&rarr;<\/span><\/a><\/p>\n","protected":false},"author":1,"featured_media":0,"comment_status":"open","ping_status":"open","sticky":false,"template":"","format":"standard","meta":{"footnotes":""},"categories":[11,124,4],"tags":[180,198,176],"class_list":["post-1458","post","type-post","status-publish","format-standard","hentry","category-macro","category-nature","category-photos","tag-macro","tag-nature","tag-photos"],"_links":{"self":[{"href":"http:\/\/www.thomphotos.fr\/blog\/wp-json\/wp\/v2\/posts\/1458","targetHints":{"allow":["GET"]}}],"collection":[{"href":"http:\/\/www.thomphotos.fr\/blog\/wp-json\/wp\/v2\/posts"}],"about":[{"href":"http:\/\/www.thomphotos.fr\/blog\/wp-json\/wp\/v2\/types\/post"}],"author":[{"embeddable":true,"href":"http:\/\/www.thomphotos.fr\/blog\/wp-json\/wp\/v2\/users\/1"}],"replies":[{"embeddable":true,"href":"http:\/\/www.thomphotos.fr\/blog\/wp-json\/wp\/v2\/comments?post=1458"}],"version-history":[{"count":1,"href":"http:\/\/www.thomphotos.fr\/blog\/wp-json\/wp\/v2\/posts\/1458\/revisions"}],"predecessor-version":[{"id":1459,"href":"http:\/\/www.thomphotos.fr\/blog\/wp-json\/wp\/v2\/posts\/1458\/revisions\/1459"}],"wp:attachment":[{"href":"http:\/\/www.thomphotos.fr\/blog\/wp-json\/wp\/v2\/media?parent=1458"}],"wp:term":[{"taxonomy":"category","embeddable":true,"href":"http:\/\/www.thomphotos.fr\/blog\/wp-json\/wp\/v2\/categories?post=1458"},{"taxonomy":"post_tag","embeddable":true,"href":"http:\/\/www.thomphotos.fr\/blog\/wp-json\/wp\/v2\/tags?post=1458"}],"curies":[{"name":"wp","href":"https:\/\/api.w.org\/{rel}","templated":true}]}}