{"id":1477,"date":"2017-06-16T18:40:50","date_gmt":"2017-06-16T16:40:50","guid":{"rendered":"http:\/\/www.thomphotos.fr\/blog\/?p=1477"},"modified":"2017-06-16T18:40:50","modified_gmt":"2017-06-16T16:40:50","slug":"de-la-lenteur-de-lescargot","status":"publish","type":"post","link":"http:\/\/www.thomphotos.fr\/blog\/de-la-lenteur-de-lescargot\/","title":{"rendered":"De la lenteur de l&rsquo;escargot"},"content":{"rendered":"<div id=\"fb_share_1\" style=\"float: right; margin-left: 10px;\"><a name=\"fb_share\" type=\"box_count\" share_url=\"http:\/\/www.thomphotos.fr\/blog\/de-la-lenteur-de-lescargot\/\" href=\"http:\/\/www.facebook.com\/sharer.php\">Share<\/a><\/div><div><script src=\"http:\/\/static.ak.fbcdn.net\/connect.php\/js\/FB.Share\" type=\"text\/javascript\"><\/script><\/div><p>Bonjour \u00e0 tous ! Apr\u00e8s pr\u00e8s de 3 semaines de silence d\u00fbes \u00e0 mes 2 semaines \u00e0 gen\u00e8ve, me revoici !<\/p>\n<p>Et pour ce retour, je vous propose <a href=\"http:\/\/www.thomphotos.fr\/index.php?page=photos_animaux_10\">8 photos d&rsquo;escargots, de cagouilles<\/a>, merci \u00e0 la pluie fr\u00e9quente qu&rsquo;on a eu &#8230; Du coup les escargots se sont souvent retrouv\u00e9s \u00e0 faire de l&rsquo;accrobranche <img decoding=\"async\" src=\"http:\/\/www.thomphotos.fr\/blog\/wp-includes\/images\/smilies\/icon_mrgreen.gif\" alt=\":mrgreen:\" \/><\/p>\n<div style=\"width: 543px\" class=\"wp-caption alignnone\"><img loading=\"lazy\" decoding=\"async\" class=\"size-full\" src=\"http:\/\/www.thomphotos.fr\/images\/animaux\/Cagouille_6.jpg\" width=\"533\" height=\"800\" \/><p class=\"wp-caption-text\">Cagouille_6<\/p><\/div>\n<p>Quant au reste, peu de photos \u00e0 gen\u00e8ve malheureusement. Mais j&rsquo;essayerai de vous trouver de nouvelles photos sympa pour vendredi prochain !<\/p>\n<p>D&rsquo;ici l\u00e0, je vous souhaite un bon week-end et une bonne semaine, \u00e0 vendredi ! <img decoding=\"async\" src=\"http:\/\/www.thomphotos.fr\/blog\/wp-includes\/images\/smilies\/icon_wink.gif\" alt=\";-)\" \/><\/p>\n","protected":false},"excerpt":{"rendered":"<p>ShareBonjour \u00e0 tous ! Apr\u00e8s pr\u00e8s de 3 semaines de silence d\u00fbes \u00e0 mes 2 semaines \u00e0 gen\u00e8ve, me revoici ! Et pour ce retour, je vous propose 8 photos d&rsquo;escargots, de cagouilles, merci \u00e0 la pluie fr\u00e9quente qu&rsquo;on a &hellip; <a href=\"http:\/\/www.thomphotos.fr\/blog\/de-la-lenteur-de-lescargot\/\">Continuer la lecture <span class=\"meta-nav\">&rarr;<\/span><\/a><\/p>\n","protected":false},"author":1,"featured_media":0,"comment_status":"open","ping_status":"open","sticky":false,"template":"","format":"standard","meta":{"footnotes":""},"categories":[6,4],"tags":[177,176],"class_list":["post-1477","post","type-post","status-publish","format-standard","hentry","category-animaux","category-photos","tag-animaux","tag-photos"],"_links":{"self":[{"href":"http:\/\/www.thomphotos.fr\/blog\/wp-json\/wp\/v2\/posts\/1477","targetHints":{"allow":["GET"]}}],"collection":[{"href":"http:\/\/www.thomphotos.fr\/blog\/wp-json\/wp\/v2\/posts"}],"about":[{"href":"http:\/\/www.thomphotos.fr\/blog\/wp-json\/wp\/v2\/types\/post"}],"author":[{"embeddable":true,"href":"http:\/\/www.thomphotos.fr\/blog\/wp-json\/wp\/v2\/users\/1"}],"replies":[{"embeddable":true,"href":"http:\/\/www.thomphotos.fr\/blog\/wp-json\/wp\/v2\/comments?post=1477"}],"version-history":[{"count":1,"href":"http:\/\/www.thomphotos.fr\/blog\/wp-json\/wp\/v2\/posts\/1477\/revisions"}],"predecessor-version":[{"id":1478,"href":"http:\/\/www.thomphotos.fr\/blog\/wp-json\/wp\/v2\/posts\/1477\/revisions\/1478"}],"wp:attachment":[{"href":"http:\/\/www.thomphotos.fr\/blog\/wp-json\/wp\/v2\/media?parent=1477"}],"wp:term":[{"taxonomy":"category","embeddable":true,"href":"http:\/\/www.thomphotos.fr\/blog\/wp-json\/wp\/v2\/categories?post=1477"},{"taxonomy":"post_tag","embeddable":true,"href":"http:\/\/www.thomphotos.fr\/blog\/wp-json\/wp\/v2\/tags?post=1477"}],"curies":[{"name":"wp","href":"https:\/\/api.w.org\/{rel}","templated":true}]}}