{"id":1511,"date":"2017-10-27T14:42:37","date_gmt":"2017-10-27T12:42:37","guid":{"rendered":"http:\/\/www.thomphotos.fr\/blog\/?p=1511"},"modified":"2017-10-27T14:42:37","modified_gmt":"2017-10-27T12:42:37","slug":"x2800","status":"publish","type":"post","link":"http:\/\/www.thomphotos.fr\/blog\/x2800\/","title":{"rendered":"X2800"},"content":{"rendered":"<div id=\"fb_share_1\" style=\"float: right; margin-left: 10px;\"><a name=\"fb_share\" type=\"box_count\" share_url=\"http:\/\/www.thomphotos.fr\/blog\/x2800\/\" href=\"http:\/\/www.facebook.com\/sharer.php\">Share<\/a><\/div><div><script src=\"http:\/\/static.ak.fbcdn.net\/connect.php\/js\/FB.Share\" type=\"text\/javascript\"><\/script><\/div><p>Bonjour \u00e0 tous !<\/p>\n<p>Apr\u00e8s le reportage \u00e0 Bordeaux de vendredi pass\u00e9, aujourd&rsquo;hui <a href=\"http:\/\/www.thomphotos.fr\/index.php?page=photos_trans-RC_15\">4 petites photos de train miniature<\/a> : un autorail X2800 bleu d&rsquo;auvergne de chez Roco en Ho. Le fameux autorail de nos campagnes !<\/p>\n<div style=\"width: 810px\" class=\"wp-caption alignnone\"><img loading=\"lazy\" decoding=\"async\" class=\"size-full\" src=\"http:\/\/www.thomphotos.fr\/images\/trans-RC\/X2800_ho_2.jpg\" width=\"800\" height=\"533\" \/><p class=\"wp-caption-text\">X2800_ho_2<\/p><\/div>\n<p>&nbsp;<\/p>\n<p>En voiture tout le monde et rendez-vous vendredi prochain ! (Et n&rsquo;oubliez pas le changement d&rsquo;heure et halloween ! ) <img decoding=\"async\" src=\"http:\/\/www.thomphotos.fr\/blog\/wp-includes\/images\/smilies\/icon_wink.gif\" alt=\";-)\" \/><\/p>\n","protected":false},"excerpt":{"rendered":"<p>ShareBonjour \u00e0 tous ! Apr\u00e8s le reportage \u00e0 Bordeaux de vendredi pass\u00e9, aujourd&rsquo;hui 4 petites photos de train miniature : un autorail X2800 bleu d&rsquo;auvergne de chez Roco en Ho. Le fameux autorail de nos campagnes ! &nbsp; En voiture &hellip; <a href=\"http:\/\/www.thomphotos.fr\/blog\/x2800\/\">Continuer la lecture <span class=\"meta-nav\">&rarr;<\/span><\/a><\/p>\n","protected":false},"author":1,"featured_media":0,"comment_status":"open","ping_status":"open","sticky":false,"template":"","format":"standard","meta":{"footnotes":""},"categories":[4,38],"tags":[176,190],"class_list":["post-1511","post","type-post","status-publish","format-standard","hentry","category-photos","category-transports","tag-photos","tag-transports"],"_links":{"self":[{"href":"http:\/\/www.thomphotos.fr\/blog\/wp-json\/wp\/v2\/posts\/1511","targetHints":{"allow":["GET"]}}],"collection":[{"href":"http:\/\/www.thomphotos.fr\/blog\/wp-json\/wp\/v2\/posts"}],"about":[{"href":"http:\/\/www.thomphotos.fr\/blog\/wp-json\/wp\/v2\/types\/post"}],"author":[{"embeddable":true,"href":"http:\/\/www.thomphotos.fr\/blog\/wp-json\/wp\/v2\/users\/1"}],"replies":[{"embeddable":true,"href":"http:\/\/www.thomphotos.fr\/blog\/wp-json\/wp\/v2\/comments?post=1511"}],"version-history":[{"count":1,"href":"http:\/\/www.thomphotos.fr\/blog\/wp-json\/wp\/v2\/posts\/1511\/revisions"}],"predecessor-version":[{"id":1512,"href":"http:\/\/www.thomphotos.fr\/blog\/wp-json\/wp\/v2\/posts\/1511\/revisions\/1512"}],"wp:attachment":[{"href":"http:\/\/www.thomphotos.fr\/blog\/wp-json\/wp\/v2\/media?parent=1511"}],"wp:term":[{"taxonomy":"category","embeddable":true,"href":"http:\/\/www.thomphotos.fr\/blog\/wp-json\/wp\/v2\/categories?post=1511"},{"taxonomy":"post_tag","embeddable":true,"href":"http:\/\/www.thomphotos.fr\/blog\/wp-json\/wp\/v2\/tags?post=1511"}],"curies":[{"name":"wp","href":"https:\/\/api.w.org\/{rel}","templated":true}]}}