{"id":1754,"date":"2021-06-18T17:43:18","date_gmt":"2021-06-18T15:43:18","guid":{"rendered":"http:\/\/www.thomphotos.fr\/blog\/?p=1754"},"modified":"2021-06-18T17:43:18","modified_gmt":"2021-06-18T15:43:18","slug":"un-peu-de-pouill","status":"publish","type":"post","link":"http:\/\/www.thomphotos.fr\/blog\/un-peu-de-pouill\/","title":{"rendered":"Un peu de Pouill&rsquo;"},"content":{"rendered":"<div id=\"fb_share_1\" style=\"float: right; margin-left: 10px;\"><a name=\"fb_share\" type=\"box_count\" share_url=\"http:\/\/www.thomphotos.fr\/blog\/un-peu-de-pouill\/\" href=\"http:\/\/www.facebook.com\/sharer.php\">Share<\/a><\/div><div><script src=\"http:\/\/static.ak.fbcdn.net\/connect.php\/js\/FB.Share\" type=\"text\/javascript\"><\/script><\/div>\n<p>Bonjour \u00e0 tous !<\/p>\n\n\n\n<p>En attendant des nouvelles pour les livres, tabliers, etc&#8230; j&rsquo;ai profit\u00e9 du beau temps pour faire <a href=\"http:\/\/www.thomphotos.fr\/index.php?page=photos_animaux_11\">2 photos de Fripouille<\/a> quand m\u00f4ssieur se relaxe sur le banc. Mais difficile de lui tirer le portrait, il semble ne pas aimer l&rsquo;appareil photo quand il le vise.<\/p>\n\n\n\n<figure class=\"wp-block-image\"><img decoding=\"async\" src=\"http:\/\/www.thomphotos.fr\/images\/animaux\/Fripouille_38.jpg\" alt=\"\"\/><\/figure>\n\n\n\n<p>J&rsquo;en profite aussi pour dire que le week-end prochain je serai en reportage \u00e0 Eurodisney \\o\/ Donc sans aucun doute que ce dernier viendra d\u00e8s que possible sur le site.<\/p>\n\n\n\n<p>J&rsquo;ai aussi termin\u00e9 avec le tournage de la vid\u00e9o pour la fabrication du fromage \u00ab\u00a0le Blason\u00a0\u00bb. Il me reste \u00e0 m&rsquo;occuper du montage (la partie longue et chiante).<\/p>\n\n\n\n<p>En attendant d&rsquo;autres news, je vous souhaite un bon week-end et \u00e0 vendredi prochain ! &#x1f428; <\/p>\n","protected":false},"excerpt":{"rendered":"<p>Share Bonjour \u00e0 tous ! En attendant des nouvelles pour les livres, tabliers, etc&#8230; j&rsquo;ai profit\u00e9 du beau temps pour faire 2 photos de Fripouille quand m\u00f4ssieur se relaxe sur le banc. Mais difficile de lui tirer le portrait, il &hellip; <a href=\"http:\/\/www.thomphotos.fr\/blog\/un-peu-de-pouill\/\">Continuer la lecture <span class=\"meta-nav\">&rarr;<\/span><\/a><\/p>\n","protected":false},"author":1,"featured_media":0,"comment_status":"open","ping_status":"open","sticky":false,"template":"","format":"standard","meta":{"footnotes":""},"categories":[6,3,4],"tags":[177,175,176],"class_list":["post-1754","post","type-post","status-publish","format-standard","hentry","category-animaux","category-news","category-photos","tag-animaux","tag-news","tag-photos"],"_links":{"self":[{"href":"http:\/\/www.thomphotos.fr\/blog\/wp-json\/wp\/v2\/posts\/1754","targetHints":{"allow":["GET"]}}],"collection":[{"href":"http:\/\/www.thomphotos.fr\/blog\/wp-json\/wp\/v2\/posts"}],"about":[{"href":"http:\/\/www.thomphotos.fr\/blog\/wp-json\/wp\/v2\/types\/post"}],"author":[{"embeddable":true,"href":"http:\/\/www.thomphotos.fr\/blog\/wp-json\/wp\/v2\/users\/1"}],"replies":[{"embeddable":true,"href":"http:\/\/www.thomphotos.fr\/blog\/wp-json\/wp\/v2\/comments?post=1754"}],"version-history":[{"count":1,"href":"http:\/\/www.thomphotos.fr\/blog\/wp-json\/wp\/v2\/posts\/1754\/revisions"}],"predecessor-version":[{"id":1755,"href":"http:\/\/www.thomphotos.fr\/blog\/wp-json\/wp\/v2\/posts\/1754\/revisions\/1755"}],"wp:attachment":[{"href":"http:\/\/www.thomphotos.fr\/blog\/wp-json\/wp\/v2\/media?parent=1754"}],"wp:term":[{"taxonomy":"category","embeddable":true,"href":"http:\/\/www.thomphotos.fr\/blog\/wp-json\/wp\/v2\/categories?post=1754"},{"taxonomy":"post_tag","embeddable":true,"href":"http:\/\/www.thomphotos.fr\/blog\/wp-json\/wp\/v2\/tags?post=1754"}],"curies":[{"name":"wp","href":"https:\/\/api.w.org\/{rel}","templated":true}]}}