{"id":1771,"date":"2021-09-19T13:47:23","date_gmt":"2021-09-19T11:47:23","guid":{"rendered":"http:\/\/www.thomphotos.fr\/blog\/?p=1771"},"modified":"2021-09-19T13:47:36","modified_gmt":"2021-09-19T11:47:36","slug":"la-naraignee","status":"publish","type":"post","link":"http:\/\/www.thomphotos.fr\/blog\/la-naraignee\/","title":{"rendered":"La naraign\u00e9e !"},"content":{"rendered":"<div id=\"fb_share_1\" style=\"float: right; margin-left: 10px;\"><a name=\"fb_share\" type=\"box_count\" share_url=\"http:\/\/www.thomphotos.fr\/blog\/la-naraignee\/\" href=\"http:\/\/www.facebook.com\/sharer.php\">Share<\/a><\/div><div><script src=\"http:\/\/static.ak.fbcdn.net\/connect.php\/js\/FB.Share\" type=\"text\/javascript\"><\/script><\/div>\n<p>Bonjour \u00e0 tous !<\/p>\n\n\n\n<p>Pas mal de choses \u00e0 faire ces derniers temps, et avec le boulot toute la journ\u00e9e le jeudi et le vendredi, je pense moins \u00e0 faire la mise \u00e0 jour du site&#8230; *tousse tousse*<br>Du coup, je recommence tranquillement avec <a href=\"http:\/\/www.thomphotos.fr\/index.php?page=photos_animaux_11\">3 photos d&rsquo;animaux<\/a> pour aujourd&rsquo;hui, sachant qu&rsquo;il y aura pas mal de paysages et de boustifailles \u00e0 venir prochainement !  &#x1f601; <\/p>\n\n\n\n<figure class=\"wp-block-image\"><img decoding=\"async\" src=\"http:\/\/www.thomphotos.fr\/images\/animaux\/Araignee_abeille_1.jpg\" alt=\"\"\/><\/figure>\n\n\n\n<p>Et en attendant la prochaine mise \u00e0 jour (vendredi ou week-end prochain normalement), je vous souhaite un bon dimanche et une bonne semaine !<\/p>\n\n\n\n<p>Que le koala soit avec vous !  &#x1f428; <\/p>\n","protected":false},"excerpt":{"rendered":"<p>Share Bonjour \u00e0 tous ! Pas mal de choses \u00e0 faire ces derniers temps, et avec le boulot toute la journ\u00e9e le jeudi et le vendredi, je pense moins \u00e0 faire la mise \u00e0 jour du site&#8230; *tousse tousse*Du coup, &hellip; <a href=\"http:\/\/www.thomphotos.fr\/blog\/la-naraignee\/\">Continuer la lecture <span class=\"meta-nav\">&rarr;<\/span><\/a><\/p>\n","protected":false},"author":1,"featured_media":0,"comment_status":"open","ping_status":"open","sticky":false,"template":"","format":"standard","meta":{"footnotes":""},"categories":[6,3,4],"tags":[177,175,176],"class_list":["post-1771","post","type-post","status-publish","format-standard","hentry","category-animaux","category-news","category-photos","tag-animaux","tag-news","tag-photos"],"_links":{"self":[{"href":"http:\/\/www.thomphotos.fr\/blog\/wp-json\/wp\/v2\/posts\/1771","targetHints":{"allow":["GET"]}}],"collection":[{"href":"http:\/\/www.thomphotos.fr\/blog\/wp-json\/wp\/v2\/posts"}],"about":[{"href":"http:\/\/www.thomphotos.fr\/blog\/wp-json\/wp\/v2\/types\/post"}],"author":[{"embeddable":true,"href":"http:\/\/www.thomphotos.fr\/blog\/wp-json\/wp\/v2\/users\/1"}],"replies":[{"embeddable":true,"href":"http:\/\/www.thomphotos.fr\/blog\/wp-json\/wp\/v2\/comments?post=1771"}],"version-history":[{"count":2,"href":"http:\/\/www.thomphotos.fr\/blog\/wp-json\/wp\/v2\/posts\/1771\/revisions"}],"predecessor-version":[{"id":1773,"href":"http:\/\/www.thomphotos.fr\/blog\/wp-json\/wp\/v2\/posts\/1771\/revisions\/1773"}],"wp:attachment":[{"href":"http:\/\/www.thomphotos.fr\/blog\/wp-json\/wp\/v2\/media?parent=1771"}],"wp:term":[{"taxonomy":"category","embeddable":true,"href":"http:\/\/www.thomphotos.fr\/blog\/wp-json\/wp\/v2\/categories?post=1771"},{"taxonomy":"post_tag","embeddable":true,"href":"http:\/\/www.thomphotos.fr\/blog\/wp-json\/wp\/v2\/tags?post=1771"}],"curies":[{"name":"wp","href":"https:\/\/api.w.org\/{rel}","templated":true}]}}