{"id":1827,"date":"2022-09-10T15:55:25","date_gmt":"2022-09-10T13:55:25","guid":{"rendered":"http:\/\/www.thomphotos.fr\/blog\/?p=1827"},"modified":"2022-09-10T15:55:25","modified_gmt":"2022-09-10T13:55:25","slug":"canon-belgarath","status":"publish","type":"post","link":"http:\/\/www.thomphotos.fr\/blog\/canon-belgarath\/","title":{"rendered":"Canon Belgarath"},"content":{"rendered":"<div id=\"fb_share_1\" style=\"float: right; margin-left: 10px;\"><a name=\"fb_share\" type=\"box_count\" share_url=\"http:\/\/www.thomphotos.fr\/blog\/canon-belgarath\/\" href=\"http:\/\/www.facebook.com\/sharer.php\">Share<\/a><\/div><div><script src=\"http:\/\/static.ak.fbcdn.net\/connect.php\/js\/FB.Share\" type=\"text\/javascript\"><\/script><\/div>\n<p>Bonjour \u00e0 tous !<\/p>\n\n\n\n<p>Apr\u00e8s une semaine plut\u00f4t compliqu\u00e9e vu que je me suis retrouv\u00e9 covid\u00e9 (d&rsquo;o\u00f9 l&rsquo;absence de mise \u00e0 jour le week-end pass\u00e9), voici les photos du jour ! Je vous propose quelques photos de mon ManKat dans sa configuration sans chargement en train de treuiller le Def 110 de Pierre et avec sa configuration Belgarath, avec son canon de 155mm.<\/p>\n\n\n\n<figure class=\"wp-block-image\"><img decoding=\"async\" src=\"http:\/\/www.thomphotos.fr\/images\/maquettes\/Man-kat_11.jpg\" alt=\"\"\/><\/figure>\n\n\n\n<p>Et dire que la majorit\u00e9 de la construction du v\u00e9hicule de base ainsi que la totalit\u00e9 des chargements sont fabriqu\u00e9s avec de la r\u00e9cup&rsquo; de l&rsquo;atelier ^^ (merci les cagettes en bois pour le transport des fromages !)<\/p>\n\n\n\n<p>Je vous laisse donc avec <a href=\"http:\/\/www.thomphotos.fr\/index.php?page=photos_maquettes_12\">ces 5 photos <\/a>et je vous dis \u00e0 la semaine prochaine pour le reportage \u00e0 Castelnaud, le mus\u00e9e de la guerre au moyen-\u00e2ge ! (Oui, le reportage est enfin termin\u00e9 ! il ne me reste plus qu&rsquo;\u00e0 le traduire en anglais et faire la mise en page ^^).<\/p>\n\n\n\n<p>Bon week-end du Z-event \u00e0 tous ! &#x1f428; <\/p>\n","protected":false},"excerpt":{"rendered":"<p>Share Bonjour \u00e0 tous ! Apr\u00e8s une semaine plut\u00f4t compliqu\u00e9e vu que je me suis retrouv\u00e9 covid\u00e9 (d&rsquo;o\u00f9 l&rsquo;absence de mise \u00e0 jour le week-end pass\u00e9), voici les photos du jour ! Je vous propose quelques photos de mon ManKat &hellip; <a href=\"http:\/\/www.thomphotos.fr\/blog\/canon-belgarath\/\">Continuer la lecture <span class=\"meta-nav\">&rarr;<\/span><\/a><\/p>\n","protected":false},"author":1,"featured_media":0,"comment_status":"open","ping_status":"open","sticky":false,"template":"","format":"standard","meta":{"footnotes":""},"categories":[49,226,3,4,153],"tags":[194,232,175,176,202],"class_list":["post-1827","post","type-post","status-publish","format-standard","hentry","category-bricolage","category-maquette","category-news","category-photos","category-rc","tag-bricolage","tag-maquettes","tag-news","tag-photos","tag-rc"],"_links":{"self":[{"href":"http:\/\/www.thomphotos.fr\/blog\/wp-json\/wp\/v2\/posts\/1827","targetHints":{"allow":["GET"]}}],"collection":[{"href":"http:\/\/www.thomphotos.fr\/blog\/wp-json\/wp\/v2\/posts"}],"about":[{"href":"http:\/\/www.thomphotos.fr\/blog\/wp-json\/wp\/v2\/types\/post"}],"author":[{"embeddable":true,"href":"http:\/\/www.thomphotos.fr\/blog\/wp-json\/wp\/v2\/users\/1"}],"replies":[{"embeddable":true,"href":"http:\/\/www.thomphotos.fr\/blog\/wp-json\/wp\/v2\/comments?post=1827"}],"version-history":[{"count":1,"href":"http:\/\/www.thomphotos.fr\/blog\/wp-json\/wp\/v2\/posts\/1827\/revisions"}],"predecessor-version":[{"id":1828,"href":"http:\/\/www.thomphotos.fr\/blog\/wp-json\/wp\/v2\/posts\/1827\/revisions\/1828"}],"wp:attachment":[{"href":"http:\/\/www.thomphotos.fr\/blog\/wp-json\/wp\/v2\/media?parent=1827"}],"wp:term":[{"taxonomy":"category","embeddable":true,"href":"http:\/\/www.thomphotos.fr\/blog\/wp-json\/wp\/v2\/categories?post=1827"},{"taxonomy":"post_tag","embeddable":true,"href":"http:\/\/www.thomphotos.fr\/blog\/wp-json\/wp\/v2\/tags?post=1827"}],"curies":[{"name":"wp","href":"https:\/\/api.w.org\/{rel}","templated":true}]}}