{"id":283,"date":"2012-03-02T23:12:24","date_gmt":"2012-03-02T21:12:24","guid":{"rendered":"http:\/\/www.thomphotos.fr\/blog\/?p=283"},"modified":"2012-03-02T23:12:24","modified_gmt":"2012-03-02T21:12:24","slug":"3eme-reportage-a-paris","status":"publish","type":"post","link":"http:\/\/www.thomphotos.fr\/blog\/3eme-reportage-a-paris\/","title":{"rendered":"3\u00e8me reportage \u00e0 Paris"},"content":{"rendered":"<div id=\"fb_share_1\" style=\"float: right; margin-left: 10px;\"><a name=\"fb_share\" type=\"box_count\" share_url=\"http:\/\/www.thomphotos.fr\/blog\/3eme-reportage-a-paris\/\" href=\"http:\/\/www.facebook.com\/sharer.php\">Share<\/a><\/div><div><script src=\"http:\/\/static.ak.fbcdn.net\/connect.php\/js\/FB.Share\" type=\"text\/javascript\"><\/script><\/div><p>Cette fois-ci c&rsquo;est accompagn\u00e9 de Bibi que je fais mon reportage \u00e0 Paris. Au menu la cath\u00e9drale de Notre-Dame et un mus\u00e9e dans une pr\u00e9fecture de police. C&rsquo;est aussi l&rsquo;occasion pour la peluche du Koala Jones de faire sa premi\u00e8re sortie officielle.<\/p>\n<p>Voici donc le fameux reportage tant attendu, bonne lecture !<\/p>\n<p><a href=\"http:\/\/www.thomphotos.fr\/index.php?page=2012\/r_paris_bibi\">3\u00e8me reportage \u00e0 Paris.<\/a><\/p>\n","protected":false},"excerpt":{"rendered":"<p>ShareCette fois-ci c&rsquo;est accompagn\u00e9 de Bibi que je fais mon reportage \u00e0 Paris. Au menu la cath\u00e9drale de Notre-Dame et un mus\u00e9e dans une pr\u00e9fecture de police. C&rsquo;est aussi l&rsquo;occasion pour la peluche du Koala Jones de faire sa premi\u00e8re &hellip; <a href=\"http:\/\/www.thomphotos.fr\/blog\/3eme-reportage-a-paris\/\">Continuer la lecture <span class=\"meta-nav\">&rarr;<\/span><\/a><\/p>\n","protected":false},"author":1,"featured_media":0,"comment_status":"open","ping_status":"open","sticky":false,"template":"","format":"standard","meta":{"footnotes":""},"categories":[4,23,57],"tags":[108,44,176,182,195],"class_list":["post-283","post","type-post","status-publish","format-standard","hentry","category-photos","category-reportage","category-site-et-blog","tag-koala-jones","tag-paris","tag-photos","tag-reportage","tag-site-et-blog"],"_links":{"self":[{"href":"http:\/\/www.thomphotos.fr\/blog\/wp-json\/wp\/v2\/posts\/283","targetHints":{"allow":["GET"]}}],"collection":[{"href":"http:\/\/www.thomphotos.fr\/blog\/wp-json\/wp\/v2\/posts"}],"about":[{"href":"http:\/\/www.thomphotos.fr\/blog\/wp-json\/wp\/v2\/types\/post"}],"author":[{"embeddable":true,"href":"http:\/\/www.thomphotos.fr\/blog\/wp-json\/wp\/v2\/users\/1"}],"replies":[{"embeddable":true,"href":"http:\/\/www.thomphotos.fr\/blog\/wp-json\/wp\/v2\/comments?post=283"}],"version-history":[{"count":2,"href":"http:\/\/www.thomphotos.fr\/blog\/wp-json\/wp\/v2\/posts\/283\/revisions"}],"predecessor-version":[{"id":285,"href":"http:\/\/www.thomphotos.fr\/blog\/wp-json\/wp\/v2\/posts\/283\/revisions\/285"}],"wp:attachment":[{"href":"http:\/\/www.thomphotos.fr\/blog\/wp-json\/wp\/v2\/media?parent=283"}],"wp:term":[{"taxonomy":"category","embeddable":true,"href":"http:\/\/www.thomphotos.fr\/blog\/wp-json\/wp\/v2\/categories?post=283"},{"taxonomy":"post_tag","embeddable":true,"href":"http:\/\/www.thomphotos.fr\/blog\/wp-json\/wp\/v2\/tags?post=283"}],"curies":[{"name":"wp","href":"https:\/\/api.w.org\/{rel}","templated":true}]}}