{"id":391,"date":"2012-06-26T21:14:44","date_gmt":"2012-06-26T19:14:44","guid":{"rendered":"http:\/\/www.thomphotos.fr\/blog\/?p=391"},"modified":"2012-06-26T21:14:44","modified_gmt":"2012-06-26T19:14:44","slug":"reflexions","status":"publish","type":"post","link":"http:\/\/www.thomphotos.fr\/blog\/reflexions\/","title":{"rendered":"R\u00e9flexions"},"content":{"rendered":"<div id=\"fb_share_1\" style=\"float: right; margin-left: 10px;\"><a name=\"fb_share\" type=\"box_count\" share_url=\"http:\/\/www.thomphotos.fr\/blog\/reflexions\/\" href=\"http:\/\/www.facebook.com\/sharer.php\">Share<\/a><\/div><div><script src=\"http:\/\/static.ak.fbcdn.net\/connect.php\/js\/FB.Share\" type=\"text\/javascript\"><\/script><\/div><p><img loading=\"lazy\" decoding=\"async\" class=\"alignnone\" title=\"arc-en-ciel\" src=\"http:\/\/www.thomphotos.fr\/images\/paysages\/Arc-en-ciel-m.jpg\" alt=\"\" width=\"519\" height=\"800\" \/><\/p>\n<p>Ce soir j&rsquo;ai vu un arc-en-ciel entre les arbres depuis ma fen\u00eatre.<\/p>\n<p>\u00e7a m&rsquo;a fait pens\u00e9 \u00e0 un proverbe \u00ab\u00a0apr\u00e8s la pluie, le beau temps\u00a0\u00bb. Mais des fois la pluie reste tr\u00e8s longtemps. Vivement qu&rsquo;il fasse un peu de soleil.<\/p>\n<p>&nbsp;<\/p>\n<p>Sinon, pour les personnes que \u00e7a int\u00e9resse, je serai \u00e0 Brive-la-Gaillarde du 23 juillet au 27 ao\u00fbt et ensuite, jusqu&rsquo;au 4 septembre je serai sur Paris (en th\u00e9orie). Donc n&rsquo;h\u00e9sitez pas \u00e0 me contacter si vous le voulez.<\/p>\n","protected":false},"excerpt":{"rendered":"<p>Share Ce soir j&rsquo;ai vu un arc-en-ciel entre les arbres depuis ma fen\u00eatre. \u00e7a m&rsquo;a fait pens\u00e9 \u00e0 un proverbe \u00ab\u00a0apr\u00e8s la pluie, le beau temps\u00a0\u00bb. Mais des fois la pluie reste tr\u00e8s longtemps. Vivement qu&rsquo;il fasse un peu de &hellip; <a href=\"http:\/\/www.thomphotos.fr\/blog\/reflexions\/\">Continuer la lecture <span class=\"meta-nav\">&rarr;<\/span><\/a><\/p>\n","protected":false},"author":1,"featured_media":0,"comment_status":"open","ping_status":"open","sticky":false,"template":"","format":"standard","meta":{"footnotes":""},"categories":[40,29,4],"tags":[192,185,176],"class_list":["post-391","post","type-post","status-publish","format-standard","hentry","category-ma-pomme","category-paysages","category-photos","tag-ma-pomme","tag-paysages","tag-photos"],"_links":{"self":[{"href":"http:\/\/www.thomphotos.fr\/blog\/wp-json\/wp\/v2\/posts\/391","targetHints":{"allow":["GET"]}}],"collection":[{"href":"http:\/\/www.thomphotos.fr\/blog\/wp-json\/wp\/v2\/posts"}],"about":[{"href":"http:\/\/www.thomphotos.fr\/blog\/wp-json\/wp\/v2\/types\/post"}],"author":[{"embeddable":true,"href":"http:\/\/www.thomphotos.fr\/blog\/wp-json\/wp\/v2\/users\/1"}],"replies":[{"embeddable":true,"href":"http:\/\/www.thomphotos.fr\/blog\/wp-json\/wp\/v2\/comments?post=391"}],"version-history":[{"count":1,"href":"http:\/\/www.thomphotos.fr\/blog\/wp-json\/wp\/v2\/posts\/391\/revisions"}],"predecessor-version":[{"id":392,"href":"http:\/\/www.thomphotos.fr\/blog\/wp-json\/wp\/v2\/posts\/391\/revisions\/392"}],"wp:attachment":[{"href":"http:\/\/www.thomphotos.fr\/blog\/wp-json\/wp\/v2\/media?parent=391"}],"wp:term":[{"taxonomy":"category","embeddable":true,"href":"http:\/\/www.thomphotos.fr\/blog\/wp-json\/wp\/v2\/categories?post=391"},{"taxonomy":"post_tag","embeddable":true,"href":"http:\/\/www.thomphotos.fr\/blog\/wp-json\/wp\/v2\/tags?post=391"}],"curies":[{"name":"wp","href":"https:\/\/api.w.org\/{rel}","templated":true}]}}