{"id":394,"date":"2012-06-29T19:03:11","date_gmt":"2012-06-29T17:03:11","guid":{"rendered":"http:\/\/www.thomphotos.fr\/blog\/?p=394"},"modified":"2012-06-29T19:03:11","modified_gmt":"2012-06-29T17:03:11","slug":"petite-sortie-au-soleil","status":"publish","type":"post","link":"http:\/\/www.thomphotos.fr\/blog\/petite-sortie-au-soleil\/","title":{"rendered":"Petite Sortie au soleil"},"content":{"rendered":"<div id=\"fb_share_1\" style=\"float: right; margin-left: 10px;\"><a name=\"fb_share\" type=\"box_count\" share_url=\"http:\/\/www.thomphotos.fr\/blog\/petite-sortie-au-soleil\/\" href=\"http:\/\/www.facebook.com\/sharer.php\">Share<\/a><\/div><div><script src=\"http:\/\/static.ak.fbcdn.net\/connect.php\/js\/FB.Share\" type=\"text\/javascript\"><\/script><\/div><p><img loading=\"lazy\" decoding=\"async\" class=\"alignnone\" title=\"b\u00e9b\u00e9 gr\u00e8be\" src=\"http:\/\/www.thomphotos.fr\/pages\/2012\/R_lac_70-200\/Bebe_grebe.jpg\" alt=\"\" width=\"800\" height=\"533\" \/><\/p>\n<p>Un petit reportage au soleil du mois de juin, avant de continuer le gros reportage en Bretagne et entre deux boulots de photos \u00e0 faire.<\/p>\n<p>Je vous laisse appr\u00e9cier cette petite sortie aux allure animali\u00e8res et de test de mat\u00e9riel :<\/p>\n<p><a href=\"http:\/\/www.thomphotos.fr\/index.php?page=2012\/r_lac_70_200\">Sortie \u00e0 l&#8217;embouchure de la Versoix.<\/a><\/p>\n","protected":false},"excerpt":{"rendered":"<p>Share Un petit reportage au soleil du mois de juin, avant de continuer le gros reportage en Bretagne et entre deux boulots de photos \u00e0 faire. Je vous laisse appr\u00e9cier cette petite sortie aux allure animali\u00e8res et de test de &hellip; <a href=\"http:\/\/www.thomphotos.fr\/blog\/petite-sortie-au-soleil\/\">Continuer la lecture <span class=\"meta-nav\">&rarr;<\/span><\/a><\/p>\n","protected":false},"author":1,"featured_media":0,"comment_status":"open","ping_status":"open","sticky":false,"template":"","format":"standard","meta":{"footnotes":""},"categories":[6,4,23,37],"tags":[177,122,176,182,189],"class_list":["post-394","post","type-post","status-publish","format-standard","hentry","category-animaux","category-photos","category-reportage","category-technologies","tag-animaux","tag-canards","tag-photos","tag-reportage","tag-technologies"],"_links":{"self":[{"href":"http:\/\/www.thomphotos.fr\/blog\/wp-json\/wp\/v2\/posts\/394","targetHints":{"allow":["GET"]}}],"collection":[{"href":"http:\/\/www.thomphotos.fr\/blog\/wp-json\/wp\/v2\/posts"}],"about":[{"href":"http:\/\/www.thomphotos.fr\/blog\/wp-json\/wp\/v2\/types\/post"}],"author":[{"embeddable":true,"href":"http:\/\/www.thomphotos.fr\/blog\/wp-json\/wp\/v2\/users\/1"}],"replies":[{"embeddable":true,"href":"http:\/\/www.thomphotos.fr\/blog\/wp-json\/wp\/v2\/comments?post=394"}],"version-history":[{"count":2,"href":"http:\/\/www.thomphotos.fr\/blog\/wp-json\/wp\/v2\/posts\/394\/revisions"}],"predecessor-version":[{"id":396,"href":"http:\/\/www.thomphotos.fr\/blog\/wp-json\/wp\/v2\/posts\/394\/revisions\/396"}],"wp:attachment":[{"href":"http:\/\/www.thomphotos.fr\/blog\/wp-json\/wp\/v2\/media?parent=394"}],"wp:term":[{"taxonomy":"category","embeddable":true,"href":"http:\/\/www.thomphotos.fr\/blog\/wp-json\/wp\/v2\/categories?post=394"},{"taxonomy":"post_tag","embeddable":true,"href":"http:\/\/www.thomphotos.fr\/blog\/wp-json\/wp\/v2\/tags?post=394"}],"curies":[{"name":"wp","href":"https:\/\/api.w.org\/{rel}","templated":true}]}}