{"id":441,"date":"2012-10-10T11:52:21","date_gmt":"2012-10-10T09:52:21","guid":{"rendered":"http:\/\/www.thomphotos.fr\/blog\/?p=441"},"modified":"2012-10-10T11:52:21","modified_gmt":"2012-10-10T09:52:21","slug":"site-zero-carbone","status":"publish","type":"post","link":"http:\/\/www.thomphotos.fr\/blog\/site-zero-carbone\/","title":{"rendered":"Site z\u00e9ro Carbone"},"content":{"rendered":"<div id=\"fb_share_1\" style=\"float: right; margin-left: 10px;\"><a name=\"fb_share\" type=\"box_count\" share_url=\"http:\/\/www.thomphotos.fr\/blog\/site-zero-carbone\/\" href=\"http:\/\/www.facebook.com\/sharer.php\">Share<\/a><\/div><div><script src=\"http:\/\/static.ak.fbcdn.net\/connect.php\/js\/FB.Share\" type=\"text\/javascript\"><\/script><\/div><p>Certains auront remarqu\u00e9s un petit badge sur la page d&rsquo;accueil de mon site.<\/p>\n<p><a href=\"http:\/\/www.bonial.fr\/environnement\/blog-neutre-en-carbone\/je-veux-participer\"> <img loading=\"lazy\" decoding=\"async\" title=\"un arbre gr\u00e2ce au petit geste \u00e9colo de mon site\" src=\"http:\/\/www.thomphotos.fr\/images\/badge-co2_page_bleu_100_tpt_2.png\" alt=\"zero papier gr\u00e2ce aux catalogues et promos en ligne de bonial\" width=\"100\" height=\"100\" border=\"0\" \/> <\/a><br \/>\nFaisant principalement de la photo de nature, paysage, animalier, macro (et de reportage), je suis soucieux de mon environnement. (Si l&rsquo;environnement est d\u00e9truit, je prend quoi en photo moi apr\u00e8s hein\u00a0 ?) Je suis donc tomb\u00e9 sur ce concept tr\u00e8s sympathique depuis un blog. \u00e7a consiste tout simplement \u00e0 apposer ce badge sur son site\/blog, d&rsquo;expliquer le concept (ce que je suis en train de faire) et d&rsquo;envoyer un mail \u00e0 blog-zerocarbone@bonial.fr . Ensuite gr\u00e2ce \u00e0 \u00e7a, un petit arbre (ch\u00eane rouge, ch\u00e2taigner ou merisier) est plant\u00e9 en Bretagne afin d&rsquo;absorber les rejets de CO2 que causent mon site et mon blog via l&rsquo;utilisation des serveur de stockage du site et les consultations du site\/blog.<\/p>\n<p>Je trouve cette action louable et je la recommande \u00e0 celles et ceux qui me liront et qui ont un blog ou un site et qui sont un tant soit peu concern\u00e9s par l&rsquo;environnement.<\/p>\n<p><img loading=\"lazy\" decoding=\"async\" class=\"alignnone\" title=\"La Nature nous aime.\" src=\"http:\/\/www.thomphotos.fr\/images\/nature\/Natur_love_us.jpg\" alt=\"\" width=\"800\" height=\"504\" \/><\/p>\n<p>Pour plus d&rsquo;infos, il suffit de cliquer sur le badge ou d&rsquo;aller voir <a href=\"http:\/\/www.bonial.fr\/environnement\/blog-neutre-en-carbone\/je-veux-participer\/\">ici.<\/a><\/p>\n","protected":false},"excerpt":{"rendered":"<p>ShareCertains auront remarqu\u00e9s un petit badge sur la page d&rsquo;accueil de mon site. Faisant principalement de la photo de nature, paysage, animalier, macro (et de reportage), je suis soucieux de mon environnement. (Si l&rsquo;environnement est d\u00e9truit, je prend quoi en &hellip; <a href=\"http:\/\/www.thomphotos.fr\/blog\/site-zero-carbone\/\">Continuer la lecture <span class=\"meta-nav\">&rarr;<\/span><\/a><\/p>\n","protected":false},"author":1,"featured_media":0,"comment_status":"open","ping_status":"open","sticky":false,"template":"","format":"standard","meta":{"footnotes":""},"categories":[40,57,37],"tags":[131,192,195,61],"class_list":["post-441","post","type-post","status-publish","format-standard","hentry","category-ma-pomme","category-site-et-blog","category-technologies","tag-environnement","tag-ma-pomme","tag-site-et-blog","tag-technologie"],"_links":{"self":[{"href":"http:\/\/www.thomphotos.fr\/blog\/wp-json\/wp\/v2\/posts\/441","targetHints":{"allow":["GET"]}}],"collection":[{"href":"http:\/\/www.thomphotos.fr\/blog\/wp-json\/wp\/v2\/posts"}],"about":[{"href":"http:\/\/www.thomphotos.fr\/blog\/wp-json\/wp\/v2\/types\/post"}],"author":[{"embeddable":true,"href":"http:\/\/www.thomphotos.fr\/blog\/wp-json\/wp\/v2\/users\/1"}],"replies":[{"embeddable":true,"href":"http:\/\/www.thomphotos.fr\/blog\/wp-json\/wp\/v2\/comments?post=441"}],"version-history":[{"count":1,"href":"http:\/\/www.thomphotos.fr\/blog\/wp-json\/wp\/v2\/posts\/441\/revisions"}],"predecessor-version":[{"id":442,"href":"http:\/\/www.thomphotos.fr\/blog\/wp-json\/wp\/v2\/posts\/441\/revisions\/442"}],"wp:attachment":[{"href":"http:\/\/www.thomphotos.fr\/blog\/wp-json\/wp\/v2\/media?parent=441"}],"wp:term":[{"taxonomy":"category","embeddable":true,"href":"http:\/\/www.thomphotos.fr\/blog\/wp-json\/wp\/v2\/categories?post=441"},{"taxonomy":"post_tag","embeddable":true,"href":"http:\/\/www.thomphotos.fr\/blog\/wp-json\/wp\/v2\/tags?post=441"}],"curies":[{"name":"wp","href":"https:\/\/api.w.org\/{rel}","templated":true}]}}