{"id":443,"date":"2012-10-19T00:23:25","date_gmt":"2012-10-18T22:23:25","guid":{"rendered":"http:\/\/www.thomphotos.fr\/blog\/?p=443"},"modified":"2012-10-19T00:31:33","modified_gmt":"2012-10-18T22:31:33","slug":"mariage-breton","status":"publish","type":"post","link":"http:\/\/www.thomphotos.fr\/blog\/mariage-breton\/","title":{"rendered":"Mariage Breton"},"content":{"rendered":"<div id=\"fb_share_1\" style=\"float: right; margin-left: 10px;\"><a name=\"fb_share\" type=\"box_count\" share_url=\"http:\/\/www.thomphotos.fr\/blog\/mariage-breton\/\" href=\"http:\/\/www.facebook.com\/sharer.php\">Share<\/a><\/div><div><script src=\"http:\/\/static.ak.fbcdn.net\/connect.php\/js\/FB.Share\" type=\"text\/javascript\"><\/script><\/div><p>Ha la la, le 22 septembre, j&rsquo;ai eu la joie et l&rsquo;honneur d&rsquo;\u00eatre invit\u00e9 comme photographe au mariage d&rsquo;un couple d&rsquo;amis bretons (personne n&rsquo;est parfait (non j&rsquo;ai rien dis, vive le chouchenn ! <img decoding=\"async\" onclick=\"grin(':mrgreen:');\" src=\"http:\/\/www.thomphotos.fr\/blog\/wp-includes\/images\/smilies\/icon_mrgreen.gif\" alt=\":mrgreen:\" \/>)). Beaucoup de monde \u00e9taient invit\u00e9s (plus de 110 personnes !), les mari\u00e9s \u00e9taient beauuuxxx, en couleurs cr\u00e8me et chocolat, c&rsquo;\u00e9tait un mariage tr\u00e8s gourmand (idem pour la d\u00e9co de la salle). Pour preuve, chaque table avait un nom de bonbon et d\u00e9cor\u00e9e dans le th\u00e8me.<\/p>\n<p><img loading=\"lazy\" decoding=\"async\" class=\"alignnone\" title=\"bocal de bonbons, mariage\" src=\"http:\/\/www.thomphotos.fr\/images\/portraits\/Bocal_a_bonbons.jpg\" alt=\"\" width=\"800\" height=\"533\" \/><\/p>\n<p>Vive les mari\u00e9s ! (M\u00eame s&rsquo;ils sont alcoo.. heu bretons ! <img decoding=\"async\" onclick=\"grin(':lol:');\" src=\"http:\/\/www.thomphotos.fr\/blog\/wp-includes\/images\/smilies\/icon_lol.gif\" alt=\":lol:\" \/>)<\/p>\n<p>4 photos du mariage sont dans<a href=\"http:\/\/www.thomphotos.fr\/index.php?page=photos_portraits_2\"> la galerie portrait, en 2\u00e8me page.<\/a><\/p>\n<p>&nbsp;<\/p>\n<p>J&rsquo;en profite aussi pour dire que le site s&rsquo;est habill\u00e9 de ses couleurs d&rsquo;automne.<\/p>\n","protected":false},"excerpt":{"rendered":"<p>ShareHa la la, le 22 septembre, j&rsquo;ai eu la joie et l&rsquo;honneur d&rsquo;\u00eatre invit\u00e9 comme photographe au mariage d&rsquo;un couple d&rsquo;amis bretons (personne n&rsquo;est parfait (non j&rsquo;ai rien dis, vive le chouchenn ! )). Beaucoup de monde \u00e9taient invit\u00e9s (plus &hellip; <a href=\"http:\/\/www.thomphotos.fr\/blog\/mariage-breton\/\">Continuer la lecture <span class=\"meta-nav\">&rarr;<\/span><\/a><\/p>\n","protected":false},"author":1,"featured_media":0,"comment_status":"open","ping_status":"open","sticky":false,"template":"","format":"standard","meta":{"footnotes":""},"categories":[69,4,32],"tags":[67,71,132,176,186],"class_list":["post-443","post","type-post","status-publish","format-standard","hentry","category-cuisine","category-photos","category-portraits","tag-bretagne","tag-cuisine-2","tag-mariage","tag-photos","tag-portraits"],"_links":{"self":[{"href":"http:\/\/www.thomphotos.fr\/blog\/wp-json\/wp\/v2\/posts\/443","targetHints":{"allow":["GET"]}}],"collection":[{"href":"http:\/\/www.thomphotos.fr\/blog\/wp-json\/wp\/v2\/posts"}],"about":[{"href":"http:\/\/www.thomphotos.fr\/blog\/wp-json\/wp\/v2\/types\/post"}],"author":[{"embeddable":true,"href":"http:\/\/www.thomphotos.fr\/blog\/wp-json\/wp\/v2\/users\/1"}],"replies":[{"embeddable":true,"href":"http:\/\/www.thomphotos.fr\/blog\/wp-json\/wp\/v2\/comments?post=443"}],"version-history":[{"count":2,"href":"http:\/\/www.thomphotos.fr\/blog\/wp-json\/wp\/v2\/posts\/443\/revisions"}],"predecessor-version":[{"id":446,"href":"http:\/\/www.thomphotos.fr\/blog\/wp-json\/wp\/v2\/posts\/443\/revisions\/446"}],"wp:attachment":[{"href":"http:\/\/www.thomphotos.fr\/blog\/wp-json\/wp\/v2\/media?parent=443"}],"wp:term":[{"taxonomy":"category","embeddable":true,"href":"http:\/\/www.thomphotos.fr\/blog\/wp-json\/wp\/v2\/categories?post=443"},{"taxonomy":"post_tag","embeddable":true,"href":"http:\/\/www.thomphotos.fr\/blog\/wp-json\/wp\/v2\/tags?post=443"}],"curies":[{"name":"wp","href":"https:\/\/api.w.org\/{rel}","templated":true}]}}