{"id":471,"date":"2012-11-15T22:02:05","date_gmt":"2012-11-15T20:02:05","guid":{"rendered":"http:\/\/www.thomphotos.fr\/blog\/?p=471"},"modified":"2012-11-15T22:02:05","modified_gmt":"2012-11-15T20:02:05","slug":"6eme-jour-du-reportage-en-bretagne-enfinnn","status":"publish","type":"post","link":"http:\/\/www.thomphotos.fr\/blog\/6eme-jour-du-reportage-en-bretagne-enfinnn\/","title":{"rendered":"6\u00e8me jour du reportage en Bretagne (enfinnn !)"},"content":{"rendered":"<div id=\"fb_share_1\" style=\"float: right; margin-left: 10px;\"><a name=\"fb_share\" type=\"box_count\" share_url=\"http:\/\/www.thomphotos.fr\/blog\/6eme-jour-du-reportage-en-bretagne-enfinnn\/\" href=\"http:\/\/www.facebook.com\/sharer.php\">Share<\/a><\/div><div><script src=\"http:\/\/static.ak.fbcdn.net\/connect.php\/js\/FB.Share\" type=\"text\/javascript\"><\/script><\/div><p>Il \u00e9tait temps que je m&rsquo;y remette&#8230;J&rsquo;ai retrouv\u00e9 un peu la motivation de reprendre la r\u00e9daction de ce reportage de 18 jours (sans compter le traitement des photos et vid\u00e9o).<\/p>\n<p>J&rsquo;en profite pour dire au Docteur que son Tardis a \u00e9t\u00e9 retrouv\u00e9 \u00e0 Quimperl\u00e9 :<\/p>\n<p><img loading=\"lazy\" decoding=\"async\" class=\"alignnone\" title=\"Tardis\" src=\"http:\/\/www.thomphotos.fr\/pages\/2012\/R_bretagne\/J6\/TARDIS.jpg\" alt=\"\" width=\"533\" height=\"800\" \/><\/p>\n<p>D\u00e9gustez-le doucement tout de m\u00eame, j&rsquo;ai pas pr\u00e9vu de r\u00e9diger la suite demain d\u00e9j\u00e0<img decoding=\"async\" onclick=\"grin(':lol:');\" src=\"http:\/\/www.thomphotos.fr\/blog\/wp-includes\/images\/smilies\/icon_lol.gif\" alt=\":lol:\" \/>.<\/p>\n<p><a href=\"http:\/\/www.thomphotos.fr\/index.php?page=2012\/r_J6\">Tout beau tout chaud, voici le 6\u00e8me jour de reportage en Bretagne sud, bonne lecture !<\/a><\/p>\n","protected":false},"excerpt":{"rendered":"<p>ShareIl \u00e9tait temps que je m&rsquo;y remette&#8230;J&rsquo;ai retrouv\u00e9 un peu la motivation de reprendre la r\u00e9daction de ce reportage de 18 jours (sans compter le traitement des photos et vid\u00e9o). J&rsquo;en profite pour dire au Docteur que son Tardis a &hellip; <a href=\"http:\/\/www.thomphotos.fr\/blog\/6eme-jour-du-reportage-en-bretagne-enfinnn\/\">Continuer la lecture <span class=\"meta-nav\">&rarr;<\/span><\/a><\/p>\n","protected":false},"author":1,"featured_media":0,"comment_status":"open","ping_status":"open","sticky":false,"template":"","format":"standard","meta":{"footnotes":""},"categories":[4,23,57,37],"tags":[67,139,176,182,195,189],"class_list":["post-471","post","type-post","status-publish","format-standard","hentry","category-photos","category-reportage","category-site-et-blog","category-technologies","tag-bretagne","tag-docteur-who","tag-photos","tag-reportage","tag-site-et-blog","tag-technologies"],"_links":{"self":[{"href":"http:\/\/www.thomphotos.fr\/blog\/wp-json\/wp\/v2\/posts\/471","targetHints":{"allow":["GET"]}}],"collection":[{"href":"http:\/\/www.thomphotos.fr\/blog\/wp-json\/wp\/v2\/posts"}],"about":[{"href":"http:\/\/www.thomphotos.fr\/blog\/wp-json\/wp\/v2\/types\/post"}],"author":[{"embeddable":true,"href":"http:\/\/www.thomphotos.fr\/blog\/wp-json\/wp\/v2\/users\/1"}],"replies":[{"embeddable":true,"href":"http:\/\/www.thomphotos.fr\/blog\/wp-json\/wp\/v2\/comments?post=471"}],"version-history":[{"count":1,"href":"http:\/\/www.thomphotos.fr\/blog\/wp-json\/wp\/v2\/posts\/471\/revisions"}],"predecessor-version":[{"id":472,"href":"http:\/\/www.thomphotos.fr\/blog\/wp-json\/wp\/v2\/posts\/471\/revisions\/472"}],"wp:attachment":[{"href":"http:\/\/www.thomphotos.fr\/blog\/wp-json\/wp\/v2\/media?parent=471"}],"wp:term":[{"taxonomy":"category","embeddable":true,"href":"http:\/\/www.thomphotos.fr\/blog\/wp-json\/wp\/v2\/categories?post=471"},{"taxonomy":"post_tag","embeddable":true,"href":"http:\/\/www.thomphotos.fr\/blog\/wp-json\/wp\/v2\/tags?post=471"}],"curies":[{"name":"wp","href":"https:\/\/api.w.org\/{rel}","templated":true}]}}