{"id":473,"date":"2012-11-16T19:33:04","date_gmt":"2012-11-16T17:33:04","guid":{"rendered":"http:\/\/www.thomphotos.fr\/blog\/?p=473"},"modified":"2012-11-16T19:34:39","modified_gmt":"2012-11-16T17:34:39","slug":"video-reportage-du-7eme-jour-en-bretagne","status":"publish","type":"post","link":"http:\/\/www.thomphotos.fr\/blog\/video-reportage-du-7eme-jour-en-bretagne\/","title":{"rendered":"Vid\u00e9o-reportage du 7\u00e8me jour en Bretagne"},"content":{"rendered":"<div id=\"fb_share_1\" style=\"float: right; margin-left: 10px;\"><a name=\"fb_share\" type=\"box_count\" share_url=\"http:\/\/www.thomphotos.fr\/blog\/video-reportage-du-7eme-jour-en-bretagne\/\" href=\"http:\/\/www.facebook.com\/sharer.php\">Share<\/a><\/div><div><script src=\"http:\/\/static.ak.fbcdn.net\/connect.php\/js\/FB.Share\" type=\"text\/javascript\"><\/script><\/div><p>\u00e7a travail dur derri\u00e8re l&rsquo;\u00e9cran, voici d\u00e9j\u00e0 la vid\u00e9o du 7\u00e8me jour de reportage en Bretagne pluvieuse. Enjoye !<\/p>\n<p><iframe loading=\"lazy\" src=\"http:\/\/www.youtube.com\/embed\/bk2a3Pnapdc\" frameborder=\"0\" width=\"640\" height=\"390\"><\/iframe><\/p>\n","protected":false},"excerpt":{"rendered":"<p>Share\u00e7a travail dur derri\u00e8re l&rsquo;\u00e9cran, voici d\u00e9j\u00e0 la vid\u00e9o du 7\u00e8me jour de reportage en Bretagne pluvieuse. Enjoye !<\/p>\n","protected":false},"author":1,"featured_media":0,"comment_status":"open","ping_status":"open","sticky":false,"template":"","format":"standard","meta":{"footnotes":""},"categories":[133,23,57,41],"tags":[67,108,182,195,193],"class_list":["post-473","post","type-post","status-publish","format-standard","hentry","category-koala-jones-2","category-reportage","category-site-et-blog","category-video","tag-bretagne","tag-koala-jones","tag-reportage","tag-site-et-blog","tag-video"],"_links":{"self":[{"href":"http:\/\/www.thomphotos.fr\/blog\/wp-json\/wp\/v2\/posts\/473","targetHints":{"allow":["GET"]}}],"collection":[{"href":"http:\/\/www.thomphotos.fr\/blog\/wp-json\/wp\/v2\/posts"}],"about":[{"href":"http:\/\/www.thomphotos.fr\/blog\/wp-json\/wp\/v2\/types\/post"}],"author":[{"embeddable":true,"href":"http:\/\/www.thomphotos.fr\/blog\/wp-json\/wp\/v2\/users\/1"}],"replies":[{"embeddable":true,"href":"http:\/\/www.thomphotos.fr\/blog\/wp-json\/wp\/v2\/comments?post=473"}],"version-history":[{"count":3,"href":"http:\/\/www.thomphotos.fr\/blog\/wp-json\/wp\/v2\/posts\/473\/revisions"}],"predecessor-version":[{"id":476,"href":"http:\/\/www.thomphotos.fr\/blog\/wp-json\/wp\/v2\/posts\/473\/revisions\/476"}],"wp:attachment":[{"href":"http:\/\/www.thomphotos.fr\/blog\/wp-json\/wp\/v2\/media?parent=473"}],"wp:term":[{"taxonomy":"category","embeddable":true,"href":"http:\/\/www.thomphotos.fr\/blog\/wp-json\/wp\/v2\/categories?post=473"},{"taxonomy":"post_tag","embeddable":true,"href":"http:\/\/www.thomphotos.fr\/blog\/wp-json\/wp\/v2\/tags?post=473"}],"curies":[{"name":"wp","href":"https:\/\/api.w.org\/{rel}","templated":true}]}}