{"id":611,"date":"2013-02-04T13:33:30","date_gmt":"2013-02-04T11:33:30","guid":{"rendered":"http:\/\/www.thomphotos.fr\/blog\/?p=611"},"modified":"2013-02-04T13:33:30","modified_gmt":"2013-02-04T11:33:30","slug":"cours-photo-de-nuit","status":"publish","type":"post","link":"http:\/\/www.thomphotos.fr\/blog\/cours-photo-de-nuit\/","title":{"rendered":"Cours photo de nuit"},"content":{"rendered":"<div id=\"fb_share_1\" style=\"float: right; margin-left: 10px;\"><a name=\"fb_share\" type=\"box_count\" share_url=\"http:\/\/www.thomphotos.fr\/blog\/cours-photo-de-nuit\/\" href=\"http:\/\/www.facebook.com\/sharer.php\">Share<\/a><\/div><div><script src=\"http:\/\/static.ak.fbcdn.net\/connect.php\/js\/FB.Share\" type=\"text\/javascript\"><\/script><\/div><div style=\"width: 810px\" class=\"wp-caption alignnone\"><img loading=\"lazy\" decoding=\"async\" alt=\"\" src=\"http:\/\/www.thomphotos.fr\/images\/archi\/Pont_du_mont-blanc_nocturne.jpg\" width=\"800\" height=\"507\" \/><p class=\"wp-caption-text\">Pont du mont-blanc nocturne<\/p><\/div>\n<p>Apr\u00e8s le cours photo de samedi soir de nuit \u00e0 Gen\u00e8ve, j&rsquo;ai mis les 4 photos que j&rsquo;ai r\u00e9alis\u00e9 sur le site, dans <a href=\"http:\/\/www.thomphotos.fr\/index.php?page=photos_archi_p5\">la cat\u00e9gorie architecture<\/a>. Le th\u00e8me du cours ? Je me le demande&#8230; pose longue ? <img decoding=\"async\" onclick=\"grin(':grin:');\" alt=\":grin:\" src=\"http:\/\/www.thomphotos.fr\/blog\/wp-includes\/images\/smilies\/icon_biggrin.gif\" \/><\/p>\n","protected":false},"excerpt":{"rendered":"<p>ShareApr\u00e8s le cours photo de samedi soir de nuit \u00e0 Gen\u00e8ve, j&rsquo;ai mis les 4 photos que j&rsquo;ai r\u00e9alis\u00e9 sur le site, dans la cat\u00e9gorie architecture. Le th\u00e8me du cours ? Je me le demande&#8230; pose longue ?<\/p>\n","protected":false},"author":1,"featured_media":0,"comment_status":"open","ping_status":"open","sticky":false,"template":"","format":"standard","meta":{"footnotes":""},"categories":[7,4],"tags":[178,152,176],"class_list":["post-611","post","type-post","status-publish","format-standard","hentry","category-architecture","category-photos","tag-architecture","tag-cours-photos","tag-photos"],"_links":{"self":[{"href":"http:\/\/www.thomphotos.fr\/blog\/wp-json\/wp\/v2\/posts\/611","targetHints":{"allow":["GET"]}}],"collection":[{"href":"http:\/\/www.thomphotos.fr\/blog\/wp-json\/wp\/v2\/posts"}],"about":[{"href":"http:\/\/www.thomphotos.fr\/blog\/wp-json\/wp\/v2\/types\/post"}],"author":[{"embeddable":true,"href":"http:\/\/www.thomphotos.fr\/blog\/wp-json\/wp\/v2\/users\/1"}],"replies":[{"embeddable":true,"href":"http:\/\/www.thomphotos.fr\/blog\/wp-json\/wp\/v2\/comments?post=611"}],"version-history":[{"count":1,"href":"http:\/\/www.thomphotos.fr\/blog\/wp-json\/wp\/v2\/posts\/611\/revisions"}],"predecessor-version":[{"id":612,"href":"http:\/\/www.thomphotos.fr\/blog\/wp-json\/wp\/v2\/posts\/611\/revisions\/612"}],"wp:attachment":[{"href":"http:\/\/www.thomphotos.fr\/blog\/wp-json\/wp\/v2\/media?parent=611"}],"wp:term":[{"taxonomy":"category","embeddable":true,"href":"http:\/\/www.thomphotos.fr\/blog\/wp-json\/wp\/v2\/categories?post=611"},{"taxonomy":"post_tag","embeddable":true,"href":"http:\/\/www.thomphotos.fr\/blog\/wp-json\/wp\/v2\/tags?post=611"}],"curies":[{"name":"wp","href":"https:\/\/api.w.org\/{rel}","templated":true}]}}