{"id":613,"date":"2013-02-07T11:15:33","date_gmt":"2013-02-07T09:15:33","guid":{"rendered":"http:\/\/www.thomphotos.fr\/blog\/?p=613"},"modified":"2013-02-07T11:15:33","modified_gmt":"2013-02-07T09:15:33","slug":"reportage-au-salon-de-la-photo","status":"publish","type":"post","link":"http:\/\/www.thomphotos.fr\/blog\/reportage-au-salon-de-la-photo\/","title":{"rendered":"Reportage au salon de la photo"},"content":{"rendered":"<div id=\"fb_share_1\" style=\"float: right; margin-left: 10px;\"><a name=\"fb_share\" type=\"box_count\" share_url=\"http:\/\/www.thomphotos.fr\/blog\/reportage-au-salon-de-la-photo\/\" href=\"http:\/\/www.facebook.com\/sharer.php\">Share<\/a><\/div><div><script src=\"http:\/\/static.ak.fbcdn.net\/connect.php\/js\/FB.Share\" type=\"text\/javascript\"><\/script><\/div><p>Apr\u00e8s plusieurs mois d&rsquo;attente (merci Nanasse <img decoding=\"async\" onclick=\"grin(':mrgreen:');\" alt=\":mrgreen:\" src=\"http:\/\/www.thomphotos.fr\/blog\/wp-includes\/images\/smilies\/icon_mrgreen.gif\" \/>) voici enfin le reportage au salon de la photo \u00e0 paris.<\/p>\n<div style=\"width: 555px\" class=\"wp-caption alignnone\"><img loading=\"lazy\" decoding=\"async\" alt=\"\" src=\"http:\/\/www.thomphotos.fr\/pages\/2012\/R_salon_photo\/Yoshi.jpg\" width=\"545\" height=\"800\" \/><p class=\"wp-caption-text\">Yoshi<\/p><\/div>\n<p>Merci donc \u00e0 Nanasse pour la r\u00e9daction du reportage et \u00e0 Bibi et sa famille pour nous avoir support\u00e9s\/h\u00e9berg\u00e9s (au choix <img decoding=\"async\" onclick=\"grin(':lol:');\" alt=\":lol:\" src=\"http:\/\/www.thomphotos.fr\/blog\/wp-includes\/images\/smilies\/icon_lol.gif\" \/>).<\/p>\n<p><a href=\"http:\/\/www.thomphotos.fr\/index.php?page=2012\/r_salon_photo\">Bonne lecture !<\/a><\/p>\n","protected":false},"excerpt":{"rendered":"<p>ShareApr\u00e8s plusieurs mois d&rsquo;attente (merci Nanasse ) voici enfin le reportage au salon de la photo \u00e0 paris. Merci donc \u00e0 Nanasse pour la r\u00e9daction du reportage et \u00e0 Bibi et sa famille pour nous avoir support\u00e9s\/h\u00e9berg\u00e9s (au choix ). &hellip; <a href=\"http:\/\/www.thomphotos.fr\/blog\/reportage-au-salon-de-la-photo\/\">Continuer la lecture <span class=\"meta-nav\">&rarr;<\/span><\/a><\/p>\n","protected":false},"author":1,"featured_media":0,"comment_status":"open","ping_status":"open","sticky":false,"template":"","format":"standard","meta":{"footnotes":""},"categories":[4,23],"tags":[44,176,89],"class_list":["post-613","post","type-post","status-publish","format-standard","hentry","category-photos","category-reportage","tag-paris","tag-photos","tag-reportages"],"_links":{"self":[{"href":"http:\/\/www.thomphotos.fr\/blog\/wp-json\/wp\/v2\/posts\/613","targetHints":{"allow":["GET"]}}],"collection":[{"href":"http:\/\/www.thomphotos.fr\/blog\/wp-json\/wp\/v2\/posts"}],"about":[{"href":"http:\/\/www.thomphotos.fr\/blog\/wp-json\/wp\/v2\/types\/post"}],"author":[{"embeddable":true,"href":"http:\/\/www.thomphotos.fr\/blog\/wp-json\/wp\/v2\/users\/1"}],"replies":[{"embeddable":true,"href":"http:\/\/www.thomphotos.fr\/blog\/wp-json\/wp\/v2\/comments?post=613"}],"version-history":[{"count":2,"href":"http:\/\/www.thomphotos.fr\/blog\/wp-json\/wp\/v2\/posts\/613\/revisions"}],"predecessor-version":[{"id":615,"href":"http:\/\/www.thomphotos.fr\/blog\/wp-json\/wp\/v2\/posts\/613\/revisions\/615"}],"wp:attachment":[{"href":"http:\/\/www.thomphotos.fr\/blog\/wp-json\/wp\/v2\/media?parent=613"}],"wp:term":[{"taxonomy":"category","embeddable":true,"href":"http:\/\/www.thomphotos.fr\/blog\/wp-json\/wp\/v2\/categories?post=613"},{"taxonomy":"post_tag","embeddable":true,"href":"http:\/\/www.thomphotos.fr\/blog\/wp-json\/wp\/v2\/tags?post=613"}],"curies":[{"name":"wp","href":"https:\/\/api.w.org\/{rel}","templated":true}]}}