{"id":734,"date":"2013-05-14T12:06:59","date_gmt":"2013-05-14T10:06:59","guid":{"rendered":"http:\/\/www.thomphotos.fr\/blog\/?p=734"},"modified":"2013-05-14T12:06:59","modified_gmt":"2013-05-14T10:06:59","slug":"13eme-jour-de-reportage-en-bretagne","status":"publish","type":"post","link":"http:\/\/www.thomphotos.fr\/blog\/13eme-jour-de-reportage-en-bretagne\/","title":{"rendered":"13\u00e8me jour de reportage en Bretagne"},"content":{"rendered":"<div id=\"fb_share_1\" style=\"float: right; margin-left: 10px;\"><a name=\"fb_share\" type=\"box_count\" share_url=\"http:\/\/www.thomphotos.fr\/blog\/13eme-jour-de-reportage-en-bretagne\/\" href=\"http:\/\/www.facebook.com\/sharer.php\">Share<\/a><\/div><div><script src=\"http:\/\/static.ak.fbcdn.net\/connect.php\/js\/FB.Share\" type=\"text\/javascript\"><\/script><\/div><p>Pfou, encore 3 autres jours et le reportage serra (enfin) termin\u00e9 ! <img decoding=\"async\" onclick=\"grin(':mrgreen:');\" alt=\":mrgreen:\" src=\"http:\/\/www.thomphotos.fr\/blog\/wp-includes\/images\/smilies\/icon_mrgreen.gif\" \/><\/p>\n<div style=\"width: 543px\" class=\"wp-caption alignnone\"><img loading=\"lazy\" decoding=\"async\" alt=\"\" src=\"http:\/\/www.thomphotos.fr\/pages\/2012\/R_bretagne\/J13\/Vitraux_de_Rennes.jpg\" width=\"533\" height=\"800\" \/><p class=\"wp-caption-text\">Vitraux de Rennes<\/p><\/div>\n<p>Cette fois-ci \u00e7a aura \u00e9t\u00e9 rapide car peu de photos et peu \u00e0 \u00e9crire (compar\u00e9 au 12\u00e8me jour&#8230;). Cette fois-ci on visite le vieux Rennes.<\/p>\n<p><a href=\"http:\/\/www.thomphotos.fr\/index.php?page=2012\/r_J13\">Bonne lecture !<\/a><\/p>\n","protected":false},"excerpt":{"rendered":"<p>SharePfou, encore 3 autres jours et le reportage serra (enfin) termin\u00e9 ! Cette fois-ci \u00e7a aura \u00e9t\u00e9 rapide car peu de photos et peu \u00e0 \u00e9crire (compar\u00e9 au 12\u00e8me jour&#8230;). Cette fois-ci on visite le vieux Rennes. Bonne lecture !<\/p>\n","protected":false},"author":1,"featured_media":0,"comment_status":"open","ping_status":"open","sticky":false,"template":"","format":"standard","meta":{"footnotes":""},"categories":[7,4,23],"tags":[178,67,176,182],"class_list":["post-734","post","type-post","status-publish","format-standard","hentry","category-architecture","category-photos","category-reportage","tag-architecture","tag-bretagne","tag-photos","tag-reportage"],"_links":{"self":[{"href":"http:\/\/www.thomphotos.fr\/blog\/wp-json\/wp\/v2\/posts\/734","targetHints":{"allow":["GET"]}}],"collection":[{"href":"http:\/\/www.thomphotos.fr\/blog\/wp-json\/wp\/v2\/posts"}],"about":[{"href":"http:\/\/www.thomphotos.fr\/blog\/wp-json\/wp\/v2\/types\/post"}],"author":[{"embeddable":true,"href":"http:\/\/www.thomphotos.fr\/blog\/wp-json\/wp\/v2\/users\/1"}],"replies":[{"embeddable":true,"href":"http:\/\/www.thomphotos.fr\/blog\/wp-json\/wp\/v2\/comments?post=734"}],"version-history":[{"count":1,"href":"http:\/\/www.thomphotos.fr\/blog\/wp-json\/wp\/v2\/posts\/734\/revisions"}],"predecessor-version":[{"id":735,"href":"http:\/\/www.thomphotos.fr\/blog\/wp-json\/wp\/v2\/posts\/734\/revisions\/735"}],"wp:attachment":[{"href":"http:\/\/www.thomphotos.fr\/blog\/wp-json\/wp\/v2\/media?parent=734"}],"wp:term":[{"taxonomy":"category","embeddable":true,"href":"http:\/\/www.thomphotos.fr\/blog\/wp-json\/wp\/v2\/categories?post=734"},{"taxonomy":"post_tag","embeddable":true,"href":"http:\/\/www.thomphotos.fr\/blog\/wp-json\/wp\/v2\/tags?post=734"}],"curies":[{"name":"wp","href":"https:\/\/api.w.org\/{rel}","templated":true}]}}