{"id":882,"date":"2014-03-18T01:20:02","date_gmt":"2014-03-17T23:20:02","guid":{"rendered":"http:\/\/www.thomphotos.fr\/blog\/?p=882"},"modified":"2014-03-18T01:20:02","modified_gmt":"2014-03-17T23:20:02","slug":"maison-de-poupee","status":"publish","type":"post","link":"http:\/\/www.thomphotos.fr\/blog\/maison-de-poupee\/","title":{"rendered":"Maison de poup\u00e9e"},"content":{"rendered":"<div id=\"fb_share_1\" style=\"float: right; margin-left: 10px;\"><a name=\"fb_share\" type=\"box_count\" share_url=\"http:\/\/www.thomphotos.fr\/blog\/maison-de-poupee\/\" href=\"http:\/\/www.facebook.com\/sharer.php\">Share<\/a><\/div><div><script src=\"http:\/\/static.ak.fbcdn.net\/connect.php\/js\/FB.Share\" type=\"text\/javascript\"><\/script><\/div><p>Une petite mise \u00e0 jour vite fait avec <a href=\"http:\/\/www.thomphotos.fr\/index.php?page=photos_divers_p7\">quelques photos de r\u00e9alisation de d\u00e9co pour maison de poup\u00e9e<\/a> (\u00e9chelle 1\/10\u00e8me) lors du salon du mod\u00e9lisme \u00e0 gen\u00e8ve :<\/p>\n<div style=\"width: 547px\" class=\"wp-caption alignnone\"><img loading=\"lazy\" decoding=\"async\" alt=\"\" src=\"http:\/\/www.thomphotos.fr\/images\/divers\/Petits_livres.jpg\" width=\"537\" height=\"800\" \/><p class=\"wp-caption-text\">PEtits livres<\/p><\/div>\n","protected":false},"excerpt":{"rendered":"<p>ShareUne petite mise \u00e0 jour vite fait avec quelques photos de r\u00e9alisation de d\u00e9co pour maison de poup\u00e9e (\u00e9chelle 1\/10\u00e8me) lors du salon du mod\u00e9lisme \u00e0 gen\u00e8ve :<\/p>\n","protected":false},"author":1,"featured_media":0,"comment_status":"open","ping_status":"open","sticky":false,"template":"","format":"standard","meta":{"footnotes":""},"categories":[11,4],"tags":[180,176],"class_list":["post-882","post","type-post","status-publish","format-standard","hentry","category-macro","category-photos","tag-macro","tag-photos"],"_links":{"self":[{"href":"http:\/\/www.thomphotos.fr\/blog\/wp-json\/wp\/v2\/posts\/882","targetHints":{"allow":["GET"]}}],"collection":[{"href":"http:\/\/www.thomphotos.fr\/blog\/wp-json\/wp\/v2\/posts"}],"about":[{"href":"http:\/\/www.thomphotos.fr\/blog\/wp-json\/wp\/v2\/types\/post"}],"author":[{"embeddable":true,"href":"http:\/\/www.thomphotos.fr\/blog\/wp-json\/wp\/v2\/users\/1"}],"replies":[{"embeddable":true,"href":"http:\/\/www.thomphotos.fr\/blog\/wp-json\/wp\/v2\/comments?post=882"}],"version-history":[{"count":1,"href":"http:\/\/www.thomphotos.fr\/blog\/wp-json\/wp\/v2\/posts\/882\/revisions"}],"predecessor-version":[{"id":883,"href":"http:\/\/www.thomphotos.fr\/blog\/wp-json\/wp\/v2\/posts\/882\/revisions\/883"}],"wp:attachment":[{"href":"http:\/\/www.thomphotos.fr\/blog\/wp-json\/wp\/v2\/media?parent=882"}],"wp:term":[{"taxonomy":"category","embeddable":true,"href":"http:\/\/www.thomphotos.fr\/blog\/wp-json\/wp\/v2\/categories?post=882"},{"taxonomy":"post_tag","embeddable":true,"href":"http:\/\/www.thomphotos.fr\/blog\/wp-json\/wp\/v2\/tags?post=882"}],"curies":[{"name":"wp","href":"https:\/\/api.w.org\/{rel}","templated":true}]}}