{"id":887,"date":"2014-03-25T14:26:09","date_gmt":"2014-03-25T12:26:09","guid":{"rendered":"http:\/\/www.thomphotos.fr\/blog\/?p=887"},"modified":"2014-03-25T14:26:09","modified_gmt":"2014-03-25T12:26:09","slug":"test-du-canon-50mm-f1-4","status":"publish","type":"post","link":"http:\/\/www.thomphotos.fr\/blog\/test-du-canon-50mm-f1-4\/","title":{"rendered":"Test du Canon 50mm F1.4"},"content":{"rendered":"<div id=\"fb_share_1\" style=\"float: right; margin-left: 10px;\"><a name=\"fb_share\" type=\"box_count\" share_url=\"http:\/\/www.thomphotos.fr\/blog\/test-du-canon-50mm-f1-4\/\" href=\"http:\/\/www.facebook.com\/sharer.php\">Share<\/a><\/div><div><script src=\"http:\/\/static.ak.fbcdn.net\/connect.php\/js\/FB.Share\" type=\"text\/javascript\"><\/script><\/div><p>Aujourd&rsquo;hui, un petit test d&rsquo;objectif : <a href=\"http:\/\/www.thomphotos.fr\/index.php?page=technique\/test_canon_50mm_f1.4\">le Canon EF 50mm F1.4.<\/a><\/p>\n<p>C&rsquo;est un objectif que j&rsquo;ai eu pendant un moment avant de me le faire voler (toujours cette histoire \u00e0 paris), je ne le recommande absolument pas. D\u00e9j\u00e0, il est aussi fragile que le Canon EF 50mm F1.8&#8230; tout en \u00e9tant moins bon optiquement et il est bien plus cher !<\/p>\n<p>Pour les possesseurs d&rsquo;un boitier Canon : un conseil : si vous voulez un bon objectif en 50mm lumineux, prenez soit le Canon 50mm F1.8, soit le Sigma 50mm F1.4. ils seront bien meilleurs que le 50mm F1.4 Canon. <img decoding=\"async\" onclick=\"grin(';-)');\" alt=\";-)\" src=\"http:\/\/www.thomphotos.fr\/blog\/wp-includes\/images\/smilies\/icon_wink.gif\" \/><\/p>\n<p>Prochainement, un nouvel article sur la r\u00e9ceptions et les premiers tests du nouveau micro qui arrivera demain.<\/p>\n<p>J&rsquo;en profite aussi pour vous rappeler que vous pouvez faire une pr\u00e9commande du livre sur le reportage aux USA <a href=\"http:\/\/www.thomphotos.fr\/blog\/nouveau-projet\/\">==&gt; ICI &lt;==<\/a><\/p>\n","protected":false},"excerpt":{"rendered":"<p>ShareAujourd&rsquo;hui, un petit test d&rsquo;objectif : le Canon EF 50mm F1.4. C&rsquo;est un objectif que j&rsquo;ai eu pendant un moment avant de me le faire voler (toujours cette histoire \u00e0 paris), je ne le recommande absolument pas. D\u00e9j\u00e0, il est &hellip; <a href=\"http:\/\/www.thomphotos.fr\/blog\/test-du-canon-50mm-f1-4\/\">Continuer la lecture <span class=\"meta-nav\">&rarr;<\/span><\/a><\/p>\n","protected":false},"author":1,"featured_media":0,"comment_status":"open","ping_status":"open","sticky":false,"template":"","format":"standard","meta":{"footnotes":""},"categories":[142,4,97],"tags":[200,176,99],"class_list":["post-887","post","type-post","status-publish","format-standard","hentry","category-materiel","category-photos","category-tests","tag-materiel","tag-photos","tag-test"],"_links":{"self":[{"href":"http:\/\/www.thomphotos.fr\/blog\/wp-json\/wp\/v2\/posts\/887","targetHints":{"allow":["GET"]}}],"collection":[{"href":"http:\/\/www.thomphotos.fr\/blog\/wp-json\/wp\/v2\/posts"}],"about":[{"href":"http:\/\/www.thomphotos.fr\/blog\/wp-json\/wp\/v2\/types\/post"}],"author":[{"embeddable":true,"href":"http:\/\/www.thomphotos.fr\/blog\/wp-json\/wp\/v2\/users\/1"}],"replies":[{"embeddable":true,"href":"http:\/\/www.thomphotos.fr\/blog\/wp-json\/wp\/v2\/comments?post=887"}],"version-history":[{"count":1,"href":"http:\/\/www.thomphotos.fr\/blog\/wp-json\/wp\/v2\/posts\/887\/revisions"}],"predecessor-version":[{"id":888,"href":"http:\/\/www.thomphotos.fr\/blog\/wp-json\/wp\/v2\/posts\/887\/revisions\/888"}],"wp:attachment":[{"href":"http:\/\/www.thomphotos.fr\/blog\/wp-json\/wp\/v2\/media?parent=887"}],"wp:term":[{"taxonomy":"category","embeddable":true,"href":"http:\/\/www.thomphotos.fr\/blog\/wp-json\/wp\/v2\/categories?post=887"},{"taxonomy":"post_tag","embeddable":true,"href":"http:\/\/www.thomphotos.fr\/blog\/wp-json\/wp\/v2\/tags?post=887"}],"curies":[{"name":"wp","href":"https:\/\/api.w.org\/{rel}","templated":true}]}}