{"id":966,"date":"2014-08-12T14:37:08","date_gmt":"2014-08-12T12:37:08","guid":{"rendered":"http:\/\/www.thomphotos.fr\/blog\/?p=966"},"modified":"2014-08-12T14:37:08","modified_gmt":"2014-08-12T12:37:08","slug":"gouffre-de-la-fage-le-retour","status":"publish","type":"post","link":"http:\/\/www.thomphotos.fr\/blog\/gouffre-de-la-fage-le-retour\/","title":{"rendered":"Gouffre de La Fage, le retour !"},"content":{"rendered":"<div id=\"fb_share_1\" style=\"float: right; margin-left: 10px;\"><a name=\"fb_share\" type=\"box_count\" share_url=\"http:\/\/www.thomphotos.fr\/blog\/gouffre-de-la-fage-le-retour\/\" href=\"http:\/\/www.facebook.com\/sharer.php\">Share<\/a><\/div><div><script src=\"http:\/\/static.ak.fbcdn.net\/connect.php\/js\/FB.Share\" type=\"text\/javascript\"><\/script><\/div><p>Second reportage en ce lieu, voici quelques nouvelles photos de cet abri \u00e0 chauves-souris <img decoding=\"async\" onclick=\"grin(';-)');\" alt=\";-)\" src=\"http:\/\/www.thomphotos.fr\/blog\/wp-includes\/images\/smilies\/icon_wink.gif\" \/><\/p>\n<div style=\"width: 810px\" class=\"wp-caption alignnone\"><img loading=\"lazy\" decoding=\"async\" alt=\"\" src=\"http:\/\/www.thomphotos.fr\/pages\/2011\/R_la-fage\/La_Fage_II_1.jpg\" width=\"800\" height=\"533\" \/><p class=\"wp-caption-text\">La_Fage_II_1<\/p><\/div>\n<p><a href=\"http:\/\/www.thomphotos.fr\/index.php?page=2014\/r_la_fage_II\">Ce nouveau reportage<\/a> est ajout\u00e9 comme une simple page suivante <a href=\"http:\/\/www.thomphotos.fr\/index.php?page=2011\/r_la_fage\">au premier (que je vous invite \u00e0 voir ou \u00e0 revoir)<\/a>, mais disponible aussi via la cat\u00e9gorie 2014.<\/p>\n<p>&nbsp;<\/p>\n<p>Et sinon, concernant les news, quelques visites ont \u00e9t\u00e9 faites, et il y aura sans doute au oins un reportage \u00e0 r\u00e9diger \u00e0 la rentr\u00e9e (en plus du reportage \u00e0 Prague)&#8230; d&rsquo;ici no\u00ebl, nous aurons de nouveau quelques articles \u00e0 mettre en ligne ! Moi qui pensais que 2014 serait une ann\u00e9e moyennement remplie en reportages, il y en aura pas mal en fin de compte, ainsi que de belles photos annexes !\u00a0\u00a0 D&rsquo;ici l\u00e0, profitez du beau temps quand vous en avez <img decoding=\"async\" onclick=\"grin(';-)');\" alt=\";-)\" src=\"http:\/\/www.thomphotos.fr\/blog\/wp-includes\/images\/smilies\/icon_wink.gif\" \/><\/p>\n","protected":false},"excerpt":{"rendered":"<p>ShareSecond reportage en ce lieu, voici quelques nouvelles photos de cet abri \u00e0 chauves-souris Ce nouveau reportage est ajout\u00e9 comme une simple page suivante au premier (que je vous invite \u00e0 voir ou \u00e0 revoir), mais disponible aussi via la &hellip; <a href=\"http:\/\/www.thomphotos.fr\/blog\/gouffre-de-la-fage-le-retour\/\">Continuer la lecture <span class=\"meta-nav\">&rarr;<\/span><\/a><\/p>\n","protected":false},"author":1,"featured_media":0,"comment_status":"open","ping_status":"open","sticky":false,"template":"","format":"standard","meta":{"footnotes":""},"categories":[11,3,4,23],"tags":[180,175,176,182],"class_list":["post-966","post","type-post","status-publish","format-standard","hentry","category-macro","category-news","category-photos","category-reportage","tag-macro","tag-news","tag-photos","tag-reportage"],"_links":{"self":[{"href":"http:\/\/www.thomphotos.fr\/blog\/wp-json\/wp\/v2\/posts\/966","targetHints":{"allow":["GET"]}}],"collection":[{"href":"http:\/\/www.thomphotos.fr\/blog\/wp-json\/wp\/v2\/posts"}],"about":[{"href":"http:\/\/www.thomphotos.fr\/blog\/wp-json\/wp\/v2\/types\/post"}],"author":[{"embeddable":true,"href":"http:\/\/www.thomphotos.fr\/blog\/wp-json\/wp\/v2\/users\/1"}],"replies":[{"embeddable":true,"href":"http:\/\/www.thomphotos.fr\/blog\/wp-json\/wp\/v2\/comments?post=966"}],"version-history":[{"count":1,"href":"http:\/\/www.thomphotos.fr\/blog\/wp-json\/wp\/v2\/posts\/966\/revisions"}],"predecessor-version":[{"id":967,"href":"http:\/\/www.thomphotos.fr\/blog\/wp-json\/wp\/v2\/posts\/966\/revisions\/967"}],"wp:attachment":[{"href":"http:\/\/www.thomphotos.fr\/blog\/wp-json\/wp\/v2\/media?parent=966"}],"wp:term":[{"taxonomy":"category","embeddable":true,"href":"http:\/\/www.thomphotos.fr\/blog\/wp-json\/wp\/v2\/categories?post=966"},{"taxonomy":"post_tag","embeddable":true,"href":"http:\/\/www.thomphotos.fr\/blog\/wp-json\/wp\/v2\/tags?post=966"}],"curies":[{"name":"wp","href":"https:\/\/api.w.org\/{rel}","templated":true}]}}