{"id":1015,"date":"2014-11-07T16:59:13","date_gmt":"2014-11-07T14:59:13","guid":{"rendered":"http:\/\/www.thomphotos.fr\/blog\/?p=1015"},"modified":"2014-11-07T16:59:13","modified_gmt":"2014-11-07T14:59:13","slug":"test-du-canon-eos-550d","status":"publish","type":"post","link":"https:\/\/www.thomphotos.fr\/blog\/test-du-canon-eos-550d\/","title":{"rendered":"Test du Canon EOS 550D"},"content":{"rendered":"<div id=\"fb_share_1\" style=\"float: right; margin-left: 10px;\"><a name=\"fb_share\" type=\"box_count\" share_url=\"https:\/\/www.thomphotos.fr\/blog\/test-du-canon-eos-550d\/\" href=\"http:\/\/www.facebook.com\/sharer.php\">Share<\/a><\/div><div><script src=\"http:\/\/static.ak.fbcdn.net\/connect.php\/js\/FB.Share\" type=\"text\/javascript\"><\/script><\/div><div style=\"width: 810px\" class=\"wp-caption alignnone\"><img loading=\"lazy\" decoding=\"async\" class=\"\" src=\"http:\/\/www.thomphotos.fr\/images\/tests\/Canon_EOS_550D.jpg\" alt=\"\" width=\"800\" height=\"533\" \/><p class=\"wp-caption-text\">Canon_EOS_550D<\/p><\/div>\n<p>Aujourd&rsquo;hui, comme promis, <a href=\"http:\/\/www.thomphotos.fr\/index.php?page=technique\/test_550d\">le test du 550D de Canon<\/a>, bon bo\u00eetier principal et excellent bo\u00eetier secondaire (compl\u00e9tant un plein format), voici, apr\u00e8s plus de 2 ans d&rsquo;utilisation, notre test (merci \u00e0 Nanasse pour la r\u00e9daction de la quasi-totalit\u00e9 du texte, m\u00eame si il a fallu un an pour qu&rsquo;il le ponde <img decoding=\"async\" src=\"http:\/\/www.thomphotos.fr\/blog\/wp-includes\/images\/smilies\/icon_mrgreen.gif\" alt=\":mrgreen:\" \/>).<\/p>\n<p>Bonne lecture et bon week-end \u00e0 tous ! <img decoding=\"async\" src=\"http:\/\/www.thomphotos.fr\/blog\/wp-includes\/images\/smilies\/icon_wink.gif\" alt=\";-)\" \/><\/p>\n","protected":false},"excerpt":{"rendered":"<p>ShareAujourd&rsquo;hui, comme promis, le test du 550D de Canon, bon bo\u00eetier principal et excellent bo\u00eetier secondaire (compl\u00e9tant un plein format), voici, apr\u00e8s plus de 2 ans d&rsquo;utilisation, notre test (merci \u00e0 Nanasse pour la r\u00e9daction de la quasi-totalit\u00e9 du texte, &hellip; <a href=\"https:\/\/www.thomphotos.fr\/blog\/test-du-canon-eos-550d\/\">Continuer la lecture <span class=\"meta-nav\">&rarr;<\/span><\/a><\/p>\n","protected":false},"author":1,"featured_media":0,"comment_status":"open","ping_status":"open","sticky":false,"template":"","format":"standard","meta":{"footnotes":""},"categories":[142,57,97],"tags":[200,195,197],"class_list":["post-1015","post","type-post","status-publish","format-standard","hentry","category-materiel","category-site-et-blog","category-tests","tag-materiel","tag-site-et-blog","tag-tests"],"_links":{"self":[{"href":"https:\/\/www.thomphotos.fr\/blog\/wp-json\/wp\/v2\/posts\/1015","targetHints":{"allow":["GET"]}}],"collection":[{"href":"https:\/\/www.thomphotos.fr\/blog\/wp-json\/wp\/v2\/posts"}],"about":[{"href":"https:\/\/www.thomphotos.fr\/blog\/wp-json\/wp\/v2\/types\/post"}],"author":[{"embeddable":true,"href":"https:\/\/www.thomphotos.fr\/blog\/wp-json\/wp\/v2\/users\/1"}],"replies":[{"embeddable":true,"href":"https:\/\/www.thomphotos.fr\/blog\/wp-json\/wp\/v2\/comments?post=1015"}],"version-history":[{"count":1,"href":"https:\/\/www.thomphotos.fr\/blog\/wp-json\/wp\/v2\/posts\/1015\/revisions"}],"predecessor-version":[{"id":1016,"href":"https:\/\/www.thomphotos.fr\/blog\/wp-json\/wp\/v2\/posts\/1015\/revisions\/1016"}],"wp:attachment":[{"href":"https:\/\/www.thomphotos.fr\/blog\/wp-json\/wp\/v2\/media?parent=1015"}],"wp:term":[{"taxonomy":"category","embeddable":true,"href":"https:\/\/www.thomphotos.fr\/blog\/wp-json\/wp\/v2\/categories?post=1015"},{"taxonomy":"post_tag","embeddable":true,"href":"https:\/\/www.thomphotos.fr\/blog\/wp-json\/wp\/v2\/tags?post=1015"}],"curies":[{"name":"wp","href":"https:\/\/api.w.org\/{rel}","templated":true}]}}