{"id":1060,"date":"2015-03-06T11:46:03","date_gmt":"2015-03-06T09:46:03","guid":{"rendered":"http:\/\/www.thomphotos.fr\/blog\/?p=1060"},"modified":"2015-03-06T11:46:03","modified_gmt":"2015-03-06T09:46:03","slug":"le-retour-du-soleil","status":"publish","type":"post","link":"https:\/\/www.thomphotos.fr\/blog\/le-retour-du-soleil\/","title":{"rendered":"Le retour du soleil"},"content":{"rendered":"<div id=\"fb_share_1\" style=\"float: right; margin-left: 10px;\"><a name=\"fb_share\" type=\"box_count\" share_url=\"https:\/\/www.thomphotos.fr\/blog\/le-retour-du-soleil\/\" href=\"http:\/\/www.facebook.com\/sharer.php\">Share<\/a><\/div><div><script src=\"http:\/\/static.ak.fbcdn.net\/connect.php\/js\/FB.Share\" type=\"text\/javascript\"><\/script><\/div><p>Depuis deux jours, nous avons (ici \u00e0 Brive) de belles temp\u00e9ratures et un grand soleil qui nous fait beaucoup de bien au moral. J&rsquo;ai re\u00e7u un nouveau filtre astrosolar, l&rsquo;ancien ayant connu une m\u00e9saventure assez f\u00e2cheuse&#8230; Vous en saurez bient\u00f4t plus !<\/p>\n<p>Peu de nouvelles choses par ici, mise \u00e0 part que je me pr\u00e9pare pour le 20 mars avec plusieurs choses qui tombent le m\u00eame jour : le retour du printemps, une mise \u00e0 jour du site \u00e0 faire (qui viendra dans la soir\u00e9e ou en fin d&rsquo;apr\u00e8m&rsquo;) et&#8230; une \u00e9clipse ! \u00c0 Bordeaux, elle recouvrera environ 70% du soleil, tandis qu&rsquo;\u00e0 Gen\u00e8ve, elle couvrira plut\u00f4t 60%. Elle arrivera \u00e0 10h15 environ (9h15 TU) (d\u00e9but \u00e0 9h10 et fin \u00e0 11h50 heure de paris pour la totalit\u00e9 de l&rsquo;\u00e9v\u00e8nement). Ne pas oublier que si vous voulez regarder l&rsquo;\u00e9clipse, il vous faudra des protection oculaires : lunettes sp\u00e9ciales, filtre mylar\/astrosolar. Les verres de soudeurs (grade 14 minimum) peuvent suffire&#8230; mais on n&rsquo;a que 2 yeux, alors pourquoi prendre des risques ? Surtout que pour ceux que \u00e7a int\u00e9resse, le magazine Ciel &amp; Espace de mars offre une paire de lunettes Mylar pour regarder le soleil sans risque.<\/p>\n<p>&nbsp;<\/p>\n<p>Je n&rsquo;ai bien \u00e9videmment pas fais cet article uniquement pour vous parler, j&rsquo;ai aussi<a href=\"http:\/\/www.thomphotos.fr\/index.php?page=photos_paysages_p9\"> 3 photos de paysage<\/a> d&rsquo;ajout\u00e9es sur le site (du coup, \u00e7a explique le long texte : peu de photos&#8230; on feinte comme on peu <img decoding=\"async\" src=\"http:\/\/www.thomphotos.fr\/blog\/wp-includes\/images\/smilies\/icon_mrgreen.gif\" alt=\":mrgreen:\" \/>).<\/p>\n<div style=\"width: 810px\" class=\"wp-caption alignnone\"><img loading=\"lazy\" decoding=\"async\" class=\"\" src=\"http:\/\/www.thomphotos.fr\/images\/paysages\/Couche_de_soleil_sur_Malemort.jpg\" alt=\"\" width=\"800\" height=\"533\" \/><p class=\"wp-caption-text\">Couche_de_soleil_sur_Malemort<\/p><\/div>\n<p>En tout les cas, je vous souhaite \u00e0 tous un tr\u00e8s bon week-end et que ne vous en faites pas, je fais tout mon possible pour pr\u00e9parer le prochain reportage (en plus d&rsquo;un possible reportage au TGS&#8230; j&rsquo;attends leur r\u00e9ponse).<\/p>\n","protected":false},"excerpt":{"rendered":"<p>ShareDepuis deux jours, nous avons (ici \u00e0 Brive) de belles temp\u00e9ratures et un grand soleil qui nous fait beaucoup de bien au moral. J&rsquo;ai re\u00e7u un nouveau filtre astrosolar, l&rsquo;ancien ayant connu une m\u00e9saventure assez f\u00e2cheuse&#8230; Vous en saurez bient\u00f4t &hellip; <a href=\"https:\/\/www.thomphotos.fr\/blog\/le-retour-du-soleil\/\">Continuer la lecture <span class=\"meta-nav\">&rarr;<\/span><\/a><\/p>\n","protected":false},"author":1,"featured_media":0,"comment_status":"open","ping_status":"open","sticky":false,"template":"","format":"standard","meta":{"footnotes":""},"categories":[39,3,29,4],"tags":[191,175,160,176],"class_list":["post-1060","post","type-post","status-publish","format-standard","hentry","category-astronomie","category-news","category-paysages","category-photos","tag-astronomie","tag-news","tag-paysage","tag-photos"],"_links":{"self":[{"href":"https:\/\/www.thomphotos.fr\/blog\/wp-json\/wp\/v2\/posts\/1060","targetHints":{"allow":["GET"]}}],"collection":[{"href":"https:\/\/www.thomphotos.fr\/blog\/wp-json\/wp\/v2\/posts"}],"about":[{"href":"https:\/\/www.thomphotos.fr\/blog\/wp-json\/wp\/v2\/types\/post"}],"author":[{"embeddable":true,"href":"https:\/\/www.thomphotos.fr\/blog\/wp-json\/wp\/v2\/users\/1"}],"replies":[{"embeddable":true,"href":"https:\/\/www.thomphotos.fr\/blog\/wp-json\/wp\/v2\/comments?post=1060"}],"version-history":[{"count":1,"href":"https:\/\/www.thomphotos.fr\/blog\/wp-json\/wp\/v2\/posts\/1060\/revisions"}],"predecessor-version":[{"id":1061,"href":"https:\/\/www.thomphotos.fr\/blog\/wp-json\/wp\/v2\/posts\/1060\/revisions\/1061"}],"wp:attachment":[{"href":"https:\/\/www.thomphotos.fr\/blog\/wp-json\/wp\/v2\/media?parent=1060"}],"wp:term":[{"taxonomy":"category","embeddable":true,"href":"https:\/\/www.thomphotos.fr\/blog\/wp-json\/wp\/v2\/categories?post=1060"},{"taxonomy":"post_tag","embeddable":true,"href":"https:\/\/www.thomphotos.fr\/blog\/wp-json\/wp\/v2\/tags?post=1060"}],"curies":[{"name":"wp","href":"https:\/\/api.w.org\/{rel}","templated":true}]}}