{"id":1086,"date":"2015-04-24T16:50:48","date_gmt":"2015-04-24T14:50:48","guid":{"rendered":"http:\/\/www.thomphotos.fr\/blog\/?p=1086"},"modified":"2015-04-24T16:50:48","modified_gmt":"2015-04-24T14:50:48","slug":"25-ans-de-hubble-et-quelques-news","status":"publish","type":"post","link":"https:\/\/www.thomphotos.fr\/blog\/25-ans-de-hubble-et-quelques-news\/","title":{"rendered":"25 ans de Hubble et quelques news"},"content":{"rendered":"<div id=\"fb_share_1\" style=\"float: right; margin-left: 10px;\"><a name=\"fb_share\" type=\"box_count\" share_url=\"https:\/\/www.thomphotos.fr\/blog\/25-ans-de-hubble-et-quelques-news\/\" href=\"http:\/\/www.facebook.com\/sharer.php\">Share<\/a><\/div><div><script src=\"http:\/\/static.ak.fbcdn.net\/connect.php\/js\/FB.Share\" type=\"text\/javascript\"><\/script><\/div><p>Bonjour \u00e0 tous !<\/p>\n<p>Alors, aujourd&rsquo;hui, pas mal de parlotte, et quelques photos \u00e0 l&rsquo;arrache&#8230; (ahem ahem&#8230; pardon ! J&rsquo;ai des photos en stock, mais ce n&rsquo;est pas encore le moment de les mettre.<img decoding=\"async\" src=\"http:\/\/www.thomphotos.fr\/blog\/wp-includes\/images\/smilies\/icon_wink.gif\" alt=\";-)\" \/>)<\/p>\n<p>Donc, question parlotte&#8230; pour commencer, mercredi dernier (le 22 avril), c&rsquo;\u00e9tait la journ\u00e9e de la Terre. J&rsquo;esp\u00e8re que vous avez plant\u00e9s des arbres, des fleurs, laiss\u00e9s la voiture dans le garage, aller sniffer les fleurs de champs&#8230; (ok, je crois que c&rsquo;est le Koala qui les a sniff\u00e9 les fleurs des champs !<img decoding=\"async\" src=\"http:\/\/www.thomphotos.fr\/blog\/wp-includes\/images\/smilies\/icon_rolleyes.gif\" alt=\":roll:\" \/>).<\/p>\n<p>Jeudi, c&rsquo;\u00e9tait la journ\u00e9e du livre. Du coup, lecture pour tous, dans l&rsquo;herbe, un chapeau de paille sur la t\u00eate, sous le soleil et un verre de sirop de menthe -fraise-noix de coco (ou pas ?<img decoding=\"async\" src=\"http:\/\/www.thomphotos.fr\/blog\/wp-includes\/images\/smilies\/icon_rolleyes.gif\" alt=\":roll:\" \/>).<\/p>\n<p>Aujourd&rsquo;hui encore une journ\u00e9e sp\u00e9ciale&#8230; avec une mise \u00e0 jour du site&#8230; heu oui, mais non, c&rsquo;est pas \u00e7a. En fait, aujourd&rsquo;hui, \u00e7a fait 25 ans que le t\u00e9lescope spatial Hubble tourne autours de la Terre, scrutant l&rsquo;espace lointain avec les n\u00e9buleuses, galaxies, amas en tout genres, supernov\u00e6 et tant d&rsquo;autres choses !<\/p>\n<p>Du coup, comme petit hommage de ma part, et pour faire une petite pub pour le prochain reportage (reportage sur l&rsquo;astro), une photo de mon t\u00e9lescope (oui, je me suis pas foul\u00e9 cette semaine pour l&rsquo;article du blog, j&rsquo;en suis vraiment d\u00e9sol\u00e9<img decoding=\"async\" src=\"http:\/\/www.thomphotos.fr\/blog\/wp-includes\/images\/smilies\/icon_neutral.gif\" alt=\":|\" \/>).<\/p>\n<div style=\"width: 543px\" class=\"wp-caption alignnone\"><img loading=\"lazy\" decoding=\"async\" class=\"\" src=\"http:\/\/www.thomphotos.fr\/images\/astronomie\/Newton_254_NEQ6_3.jpg\" alt=\"\" width=\"533\" height=\"800\" \/><p class=\"wp-caption-text\">Newton_254_NEQ6_3<\/p><\/div>\n<p>Alors, en plus de la photo pour les 25 ans de Hubble, s&rsquo;ajoutent <a href=\"http:\/\/www.thomphotos.fr\/index.php?page=photos_paysages_p9\">2 photos de paysage<\/a> et <a href=\"http:\/\/www.thomphotos.fr\/index.php?page=photos_archi_p6\">une photo d&rsquo;architecture<\/a>.<\/p>\n<p>Une autre news qu&rsquo;auront vu les plus assidus d&rsquo;entre vous : un bandeau publicitaire tout en bas des pages sur le site (vraiment tout en bas !). Pourquoi donc ai-je fichu ce truc l\u00e0 ? H\u00e9 bien pour un simple soucis d&rsquo;inscription. Vu que j&rsquo;ai d\u00fb refaire un compte Google Adsense pour ma chaine Youtube, j&rsquo;ai d\u00fb int\u00e9grer un emplacement publicitaire pour finaliser l&rsquo;inscription. Du coup, je ne vous oblige pas \u00e0 aller le voir, \u00e0 cliquer dessus ou quoi que ce soit, vous pouvez m\u00eame laisser Adblock si vous le voulez. Bon, c&rsquo;est vrai que si vous cliquez dessus, \u00e7a donne quelques centimes au Koala (pour le Rhum, la Vodka et tout le reste !\u00a0<img decoding=\"async\" src=\"http:\/\/www.thomphotos.fr\/blog\/wp-includes\/images\/smilies\/icon_mrgreen.gif\" alt=\":mrgreen:\" \/> ). Je n&rsquo;ai pas choisis les pubs qui vont passer, elles ne seront bas\u00e9es que sur vos propres cookies de navigation.<\/p>\n<p>News suivante : n&rsquo;ayant pas pu aller au TGS, je tenterai d&rsquo;aller \u00e0 la Japan Expo cet \u00e9t\u00e9 (je serai donc, normalement, \u00e0 Paris pendant quelques jours pour le reportage (ainsi qu&rsquo;un reportage surprise) accompagn\u00e9 de Bibi (que je remercie encore pour l&rsquo;article de la semaine pass\u00e9e<img decoding=\"async\" src=\"http:\/\/www.thomphotos.fr\/blog\/wp-includes\/images\/smilies\/icon_wink.gif\" alt=\";-)\" \/>)).<\/p>\n<p>Et derni\u00e8re news de la semaine (oui, enfin !) : heu&#8230;&#8230; Je ne sais plus ! <img decoding=\"async\" src=\"http:\/\/www.thomphotos.fr\/blog\/wp-includes\/images\/smilies\/icon_razz.gif\" alt=\":razz:\" \/><img decoding=\"async\" src=\"http:\/\/www.thomphotos.fr\/blog\/wp-includes\/images\/smilies\/icon_mrgreen.gif\" alt=\":mrgreen:\" \/><\/p>\n<p>Et apr\u00e8s tout ce texte, je vous souhaite un tr\u00e8s bon week-end sous le soleil et une bonne semaine d&rsquo;avance ! J&rsquo;essayerai, pour vendredi prochain, de faire un test de mat\u00e9riel<img decoding=\"async\" src=\"http:\/\/www.thomphotos.fr\/blog\/wp-includes\/images\/smilies\/icon_wink.gif\" alt=\";-)\" \/>.<\/p>\n","protected":false},"excerpt":{"rendered":"<p>ShareBonjour \u00e0 tous ! Alors, aujourd&rsquo;hui, pas mal de parlotte, et quelques photos \u00e0 l&rsquo;arrache&#8230; (ahem ahem&#8230; pardon ! J&rsquo;ai des photos en stock, mais ce n&rsquo;est pas encore le moment de les mettre.) Donc, question parlotte&#8230; pour commencer, mercredi &hellip; <a href=\"https:\/\/www.thomphotos.fr\/blog\/25-ans-de-hubble-et-quelques-news\/\">Continuer la lecture <span class=\"meta-nav\">&rarr;<\/span><\/a><\/p>\n","protected":false},"author":1,"featured_media":0,"comment_status":"open","ping_status":"open","sticky":false,"template":"","format":"standard","meta":{"footnotes":""},"categories":[39,3,4,57],"tags":[191,175,176,195],"class_list":["post-1086","post","type-post","status-publish","format-standard","hentry","category-astronomie","category-news","category-photos","category-site-et-blog","tag-astronomie","tag-news","tag-photos","tag-site-et-blog"],"_links":{"self":[{"href":"https:\/\/www.thomphotos.fr\/blog\/wp-json\/wp\/v2\/posts\/1086","targetHints":{"allow":["GET"]}}],"collection":[{"href":"https:\/\/www.thomphotos.fr\/blog\/wp-json\/wp\/v2\/posts"}],"about":[{"href":"https:\/\/www.thomphotos.fr\/blog\/wp-json\/wp\/v2\/types\/post"}],"author":[{"embeddable":true,"href":"https:\/\/www.thomphotos.fr\/blog\/wp-json\/wp\/v2\/users\/1"}],"replies":[{"embeddable":true,"href":"https:\/\/www.thomphotos.fr\/blog\/wp-json\/wp\/v2\/comments?post=1086"}],"version-history":[{"count":1,"href":"https:\/\/www.thomphotos.fr\/blog\/wp-json\/wp\/v2\/posts\/1086\/revisions"}],"predecessor-version":[{"id":1087,"href":"https:\/\/www.thomphotos.fr\/blog\/wp-json\/wp\/v2\/posts\/1086\/revisions\/1087"}],"wp:attachment":[{"href":"https:\/\/www.thomphotos.fr\/blog\/wp-json\/wp\/v2\/media?parent=1086"}],"wp:term":[{"taxonomy":"category","embeddable":true,"href":"https:\/\/www.thomphotos.fr\/blog\/wp-json\/wp\/v2\/categories?post=1086"},{"taxonomy":"post_tag","embeddable":true,"href":"https:\/\/www.thomphotos.fr\/blog\/wp-json\/wp\/v2\/tags?post=1086"}],"curies":[{"name":"wp","href":"https:\/\/api.w.org\/{rel}","templated":true}]}}