{"id":1088,"date":"2015-05-01T13:13:17","date_gmt":"2015-05-01T11:13:17","guid":{"rendered":"http:\/\/www.thomphotos.fr\/blog\/?p=1088"},"modified":"2015-05-01T13:13:17","modified_gmt":"2015-05-01T11:13:17","slug":"fete-du-travail-et-nostalgie","status":"publish","type":"post","link":"https:\/\/www.thomphotos.fr\/blog\/fete-du-travail-et-nostalgie\/","title":{"rendered":"F\u00eate du travail et nostalgie"},"content":{"rendered":"<div id=\"fb_share_1\" style=\"float: right; margin-left: 10px;\"><a name=\"fb_share\" type=\"box_count\" share_url=\"https:\/\/www.thomphotos.fr\/blog\/fete-du-travail-et-nostalgie\/\" href=\"http:\/\/www.facebook.com\/sharer.php\">Share<\/a><\/div><div><script src=\"http:\/\/static.ak.fbcdn.net\/connect.php\/js\/FB.Share\" type=\"text\/javascript\"><\/script><\/div><p>Aujourd&rsquo;hui, 1er Mai, c&rsquo;est la f\u00eate du travail ! Bon, alors, d\u00e9sol\u00e9, mais ici malheureusement il pleut, je ne pourrai donc pas vous faire de photos de muguet pour aujourd&rsquo;hui (il y en a pourtant plein le jardin rhaaa ! <img decoding=\"async\" src=\"http:\/\/www.thomphotos.fr\/blog\/wp-includes\/images\/smilies\/icon_mad.gif\" alt=\":x\" \/>).<\/p>\n<p>Du coup, pour les photos d&rsquo;aujourd&rsquo;hui, pas de test de mat\u00e9riel comme je pensais le faire, mais <a href=\"http:\/\/www.thomphotos.fr\/index.php?page=photos_divers_p9\">des photos (13) dans la section Divers<\/a>.<\/p>\n<div style=\"width: 810px\" class=\"wp-caption alignnone\"><img loading=\"lazy\" decoding=\"async\" class=\"\" src=\"http:\/\/www.thomphotos.fr\/images\/divers\/Floralies_25.jpg\" alt=\"\" width=\"800\" height=\"533\" \/><p class=\"wp-caption-text\">Floralies_25<\/p><\/div>\n<p>Certaines pourront paraitre bizarres, mais toutes proviennent du m\u00eame endroit qui n&rsquo;existe plus (Les Floralies). Un peu comme un hommage posthume.<\/p>\n<p>&nbsp;<\/p>\n<p>Concernant d&rsquo;autres news, j&rsquo;ai une angine virale et bact\u00e9rienne blanche (c-c-c-combo breaker ! <img decoding=\"async\" src=\"http:\/\/www.thomphotos.fr\/blog\/wp-includes\/images\/smilies\/icon_mad.gif\" alt=\":x\" \/>).<\/p>\n<p>Je ne serai pas disponible jusqu&rsquo;au 6 mai pour aider ma m\u00e8re qui vient ici.<\/p>\n<p>Pour ceux qui l&rsquo;ont appr\u00e9ci\u00e9 et que \u00e7a int\u00e9resse, il me reste 8 exemplaires de mon livre sur le reportage aux USA, (80\u20ac, 100 pages et ~350 photos). (Pour un anniversaire ou comme simple cadeau, pour quelqu&rsquo;un qui aime les USA, les voyages, ce genre de chose, \u00e7a peut faire un cadeau tr\u00e8s sympa <img decoding=\"async\" src=\"http:\/\/www.thomphotos.fr\/blog\/wp-includes\/images\/smilies\/icon_wink.gif\" alt=\";-)\" \/> ).<\/p>\n<p>&nbsp;<\/p>\n<p>Sinon, peu de choses nouvelles, je n&rsquo;ai toujours pas pu continuer mon reportage sur l&rsquo;astro, j&rsquo;aimerai aussi pouvoir remettre une vid\u00e9o sur ma chaine youtube (car on va penser que je suis d\u00e9c\u00e9d\u00e9 vu le temps que j&rsquo;en ai pas mis une&#8230;<img decoding=\"async\" src=\"http:\/\/www.thomphotos.fr\/blog\/wp-includes\/images\/smilies\/icon_mrgreen.gif\" alt=\":mrgreen:\" \/>).<\/p>\n<p>J&rsquo;ai un projet particulier pour les sons et l&rsquo;espace (je n&rsquo;en dirai pas plus pour le moment, pratiquement rien n&rsquo;est fait, sauf les \u00e9quations&#8230; dont le r\u00e9sultat me donne un diam\u00e8tre de 62cm&#8230;<img decoding=\"async\" src=\"http:\/\/www.thomphotos.fr\/blog\/wp-includes\/images\/smilies\/icon_rolleyes.gif\" alt=\":roll:\" \/>).<\/p>\n<p>Je vous souhaite donc un tr\u00e8s bon week-end du 1er Mai, reposez-vous bien, je ne vais pas vous dire de profiter du soleil, car je pense qu&rsquo;il n&rsquo;y en a pas tant que \u00e7a&#8230; de faire attention car malgr\u00e9 le dicton (<em>en avril ne te d\u00e9couvre pas d&rsquo;un fil, en mai fais ce qu&rsquo;il te plait<\/em>) il n&rsquo;y a pas encore de gros soleil ou de fortes chaleurs, donc prudence pour ne pas tomber malade<img decoding=\"async\" src=\"http:\/\/www.thomphotos.fr\/blog\/wp-includes\/images\/smilies\/icon_wink.gif\" alt=\";-)\" \/><\/p>\n","protected":false},"excerpt":{"rendered":"<p>ShareAujourd&rsquo;hui, 1er Mai, c&rsquo;est la f\u00eate du travail ! Bon, alors, d\u00e9sol\u00e9, mais ici malheureusement il pleut, je ne pourrai donc pas vous faire de photos de muguet pour aujourd&rsquo;hui (il y en a pourtant plein le jardin rhaaa ! &hellip; <a href=\"https:\/\/www.thomphotos.fr\/blog\/fete-du-travail-et-nostalgie\/\">Continuer la lecture <span class=\"meta-nav\">&rarr;<\/span><\/a><\/p>\n","protected":false},"author":1,"featured_media":0,"comment_status":"open","ping_status":"open","sticky":false,"template":"","format":"standard","meta":{"footnotes":""},"categories":[3,1,4],"tags":[173,175,174,176],"class_list":["post-1088","post","type-post","status-publish","format-standard","hentry","category-news","category-non-classe","category-photos","tag-divers","tag-news","tag-non-classe","tag-photos"],"_links":{"self":[{"href":"https:\/\/www.thomphotos.fr\/blog\/wp-json\/wp\/v2\/posts\/1088","targetHints":{"allow":["GET"]}}],"collection":[{"href":"https:\/\/www.thomphotos.fr\/blog\/wp-json\/wp\/v2\/posts"}],"about":[{"href":"https:\/\/www.thomphotos.fr\/blog\/wp-json\/wp\/v2\/types\/post"}],"author":[{"embeddable":true,"href":"https:\/\/www.thomphotos.fr\/blog\/wp-json\/wp\/v2\/users\/1"}],"replies":[{"embeddable":true,"href":"https:\/\/www.thomphotos.fr\/blog\/wp-json\/wp\/v2\/comments?post=1088"}],"version-history":[{"count":1,"href":"https:\/\/www.thomphotos.fr\/blog\/wp-json\/wp\/v2\/posts\/1088\/revisions"}],"predecessor-version":[{"id":1089,"href":"https:\/\/www.thomphotos.fr\/blog\/wp-json\/wp\/v2\/posts\/1088\/revisions\/1089"}],"wp:attachment":[{"href":"https:\/\/www.thomphotos.fr\/blog\/wp-json\/wp\/v2\/media?parent=1088"}],"wp:term":[{"taxonomy":"category","embeddable":true,"href":"https:\/\/www.thomphotos.fr\/blog\/wp-json\/wp\/v2\/categories?post=1088"},{"taxonomy":"post_tag","embeddable":true,"href":"https:\/\/www.thomphotos.fr\/blog\/wp-json\/wp\/v2\/tags?post=1088"}],"curies":[{"name":"wp","href":"https:\/\/api.w.org\/{rel}","templated":true}]}}