{"id":109,"date":"2011-10-06T11:18:23","date_gmt":"2011-10-06T09:18:23","guid":{"rendered":"http:\/\/www.thomphotos.fr\/blog\/?p=109"},"modified":"2011-10-06T11:18:23","modified_gmt":"2011-10-06T09:18:23","slug":"les-bons-cotes-detre-independant-i","status":"publish","type":"post","link":"https:\/\/www.thomphotos.fr\/blog\/les-bons-cotes-detre-independant-i\/","title":{"rendered":"Les bons c\u00f4t\u00e9s d&rsquo;\u00eatre ind\u00e9pendant (I)"},"content":{"rendered":"<div id=\"fb_share_1\" style=\"float: right; margin-left: 10px;\"><a name=\"fb_share\" type=\"box_count\" share_url=\"https:\/\/www.thomphotos.fr\/blog\/les-bons-cotes-detre-independant-i\/\" href=\"http:\/\/www.facebook.com\/sharer.php\">Share<\/a><\/div><div><script src=\"http:\/\/static.ak.fbcdn.net\/connect.php\/js\/FB.Share\" type=\"text\/javascript\"><\/script><\/div><p>Ce matin une grosse enveloppe arrive et je me dis \u00ab\u00a0merde, encore un truc \u00e0 payer\u00a0\u00bb. Rat\u00e9, c&rsquo;est de la pub (encore). Mais, il y a la bonne pub, la mauvaise pub et la pub utilisable.<\/p>\n<p>&#8211; la bonne pub, c&rsquo;est celle qui peut nous int\u00e9resser (pour mon cas, le nouveau catalogue des objectifs Canon ou Sigma).<\/p>\n<p>&#8211; la mauvaise pub c&rsquo;est celle qui nous fait perdre du temps et consid\u00e9rer ceux qui font cette pub que ce sont des anti-\u00e9cologie en puissance ou des arnaqueurs (recevoir une facture \u00e0 son nom en disant que l&rsquo;on a 30 jours pour payer et quand on lit en tout petit en bas de la page et \u00e0 l&rsquo;envers (tant qu&rsquo;\u00e0 faire) que c&rsquo;est pour un service de r\u00e9f\u00e9rencement \u00e0 l&rsquo;ann\u00e9e dans un annuaire auquel on n&rsquo;a pas souscrit).<\/p>\n<p>&#8211; la pub utilisable. C&rsquo;est une pub comme j&rsquo;en ai re\u00e7u ce matin (et d&rsquo;autres fois aussi) c&rsquo;est une pub avec \u00e9chantillon gratuit dans l&rsquo;enveloppe. Un stylo \u00e0 son nom (souvent incomplet ou mal orthographi\u00e9), un beau calendrier (comme ce matin) ou un bloc-note, une calculatrice, etc etc&#8230;\u00a0 Mais c&rsquo;est toujours \u00e7a de moins \u00e0 acheter <img src=\"http:\/\/www.thomphotos.fr\/blog\/wp-includes\/images\/smilies\/icon_mrgreen.gif\" alt=\":mrgreen:\" class=\"wp-smiley\" style=\"height: 1em; max-height: 1em;\" \/> .<\/p>\n<p>Comme quoi des fois la pub \u00e7a a de bons c\u00f4t\u00e9s. Apr\u00e8s oui \u00e7a fait gadget mais on peut toujours les redonner \u00e0 quelqu&rsquo;un si on n&rsquo;en a pas besoin (et au passage se faire un peu de pub gratuite pour nous). Pour ma part, \u00e7a ne me d\u00e9range pas de recevoir les 1\u00e8res et 3\u00e8mes pubs vu que je les utilise mais la 2\u00e8me cat\u00e9gorie bennn&#8230; non, \u00e7a va tout directement au recyclage.<\/p>\n<p>&nbsp;<\/p>\n<p>Comme demain et apr\u00e8s-demain je serai \u00e0 paris pour le salon de la photo, je ne ferai pas de mise \u00e0 jour de reportages sur le site (Car faut que je pr\u00e9pare les affaires pour les deux prochains jours) donc je ne fera qu&rsquo;une mise \u00e0 jour de photo dans les diff\u00e9rentes cat\u00e9gories (j&rsquo;ai des photos \u00e0 mettre en ligne et j&rsquo;en ai une tr\u00e8s grande quantit\u00e9, donc pas d&rsquo;inqui\u00e9tude, il y en aura pour tout les go\u00fbts (sauf st\u00e9nop\u00e9, \u00e7a fait un moment que je n&rsquo;en ai pas refais).<\/p>\n","protected":false},"excerpt":{"rendered":"<p>ShareCe matin une grosse enveloppe arrive et je me dis \u00ab\u00a0merde, encore un truc \u00e0 payer\u00a0\u00bb. Rat\u00e9, c&rsquo;est de la pub (encore). Mais, il y a la bonne pub, la mauvaise pub et la pub utilisable. &#8211; la bonne pub, &hellip; <a href=\"https:\/\/www.thomphotos.fr\/blog\/les-bons-cotes-detre-independant-i\/\">Continuer la lecture <span class=\"meta-nav\">&rarr;<\/span><\/a><\/p>\n","protected":false},"author":1,"featured_media":0,"comment_status":"open","ping_status":"open","sticky":false,"template":"","format":"standard","meta":{"footnotes":""},"categories":[40,3,37],"tags":[192,175,56,189],"class_list":["post-109","post","type-post","status-publish","format-standard","hentry","category-ma-pomme","category-news","category-technologies","tag-ma-pomme","tag-news","tag-pub","tag-technologies"],"_links":{"self":[{"href":"https:\/\/www.thomphotos.fr\/blog\/wp-json\/wp\/v2\/posts\/109","targetHints":{"allow":["GET"]}}],"collection":[{"href":"https:\/\/www.thomphotos.fr\/blog\/wp-json\/wp\/v2\/posts"}],"about":[{"href":"https:\/\/www.thomphotos.fr\/blog\/wp-json\/wp\/v2\/types\/post"}],"author":[{"embeddable":true,"href":"https:\/\/www.thomphotos.fr\/blog\/wp-json\/wp\/v2\/users\/1"}],"replies":[{"embeddable":true,"href":"https:\/\/www.thomphotos.fr\/blog\/wp-json\/wp\/v2\/comments?post=109"}],"version-history":[{"count":1,"href":"https:\/\/www.thomphotos.fr\/blog\/wp-json\/wp\/v2\/posts\/109\/revisions"}],"predecessor-version":[{"id":110,"href":"https:\/\/www.thomphotos.fr\/blog\/wp-json\/wp\/v2\/posts\/109\/revisions\/110"}],"wp:attachment":[{"href":"https:\/\/www.thomphotos.fr\/blog\/wp-json\/wp\/v2\/media?parent=109"}],"wp:term":[{"taxonomy":"category","embeddable":true,"href":"https:\/\/www.thomphotos.fr\/blog\/wp-json\/wp\/v2\/categories?post=109"},{"taxonomy":"post_tag","embeddable":true,"href":"https:\/\/www.thomphotos.fr\/blog\/wp-json\/wp\/v2\/tags?post=109"}],"curies":[{"name":"wp","href":"https:\/\/api.w.org\/{rel}","templated":true}]}}