{"id":1110,"date":"2015-06-23T22:27:46","date_gmt":"2015-06-23T20:27:46","guid":{"rendered":"http:\/\/www.thomphotos.fr\/blog\/?p=1110"},"modified":"2015-06-23T22:27:46","modified_gmt":"2015-06-23T20:27:46","slug":"cut","status":"publish","type":"post","link":"https:\/\/www.thomphotos.fr\/blog\/cut\/","title":{"rendered":"Cut !"},"content":{"rendered":"<div id=\"fb_share_1\" style=\"float: right; margin-left: 10px;\"><a name=\"fb_share\" type=\"box_count\" share_url=\"https:\/\/www.thomphotos.fr\/blog\/cut\/\" href=\"http:\/\/www.facebook.com\/sharer.php\">Share<\/a><\/div><div><script src=\"http:\/\/static.ak.fbcdn.net\/connect.php\/js\/FB.Share\" type=\"text\/javascript\"><\/script><\/div><p>Arghhh !<img decoding=\"async\" src=\"http:\/\/www.thomphotos.fr\/blog\/wp-includes\/images\/smilies\/icon_eek.gif\" alt=\":shock:\" \/><\/p>\n<p>Je suis \u00e0 la bourre ! Je pensais revenir plus t\u00f4t sur le pc pour mettre \u00e7a en ligne, mais j&rsquo;ai rat\u00e9 (la piscine et le potager m&rsquo;ont prit plus de temps que pr\u00e9vu<img decoding=\"async\" src=\"http:\/\/www.thomphotos.fr\/blog\/wp-includes\/images\/smilies\/icon_mrgreen.gif\" alt=\":mrgreen:\" \/>).<\/p>\n<p>Du coup, comme je l&rsquo;avais dis vendredi, <a href=\"http:\/\/www.thomphotos.fr\/index.php?page=photos_divers_p9\">voici 4 photos de&#8230; couteaux<\/a> ! Deux couteaux fais mains par moi.\u00a0 C&rsquo;est pour un ami Breton, lequel vient cet \u00e9t\u00e9 (avec sa ch\u00e9rie) !<\/p>\n<p>Le long couteau est destin\u00e9 \u00e0 la cuisine et le bois est du Noyer. Le plus petit pliant (dont la plaque la plus fine fait 1mm d&rsquo;\u00e9paisseur&#8230;) est du bois exotique rouge (je n&rsquo;ai pas le nom).<\/p>\n<div style=\"width: 574px\" class=\"wp-caption alignnone\"><img loading=\"lazy\" decoding=\"async\" class=\"\" src=\"http:\/\/www.thomphotos.fr\/images\/divers\/Couteau_maison_2.jpg\" alt=\"\" width=\"564\" height=\"800\" \/><p class=\"wp-caption-text\">Couteau_maison_2<\/p><\/div>\n<p>La semaine promet d&rsquo;\u00eatre bien chaude et tr\u00e8s ensoleill\u00e9e ici \u00e0 Brive, c&rsquo;est la piscine et les plantes qui vont en profiter.<\/p>\n<p>Autre news, jeudi&#8230; planquez-vous ! \u00c0 10h, j&rsquo;ai ma premi\u00e8re le\u00e7on de conduite&#8230;<img decoding=\"async\" src=\"http:\/\/www.thomphotos.fr\/blog\/wp-includes\/images\/smilies\/icon_confused.gif\" alt=\":???:\" \/><\/p>\n<p>Vendredi je vous r\u00e9serve des photos particuli\u00e8res&#8230; \u00e7a peut plaire&#8230; ou pas, c&rsquo;est selon. C&rsquo;est en tout cas tr\u00e8s diff\u00e9rent de ce que je fais d&rsquo;habitude (non, malgr\u00e9 les demandes du Koala cingl\u00e9&#8230; ce n&rsquo;est pas des photos de nu !<img decoding=\"async\" src=\"http:\/\/www.thomphotos.fr\/blog\/wp-includes\/images\/smilies\/icon_redface.gif\" alt=\":oops:\" \/>).<\/p>\n<p>En attendant, je vous souhaite une bonne semaine et bon courage aux Bacheliers et \u00e0 tous les \u00e9tudiants qui passent leurs exams (en particulier un certain Tsar\u00e9vitch de Nancy&#8230;<img decoding=\"async\" src=\"http:\/\/www.thomphotos.fr\/blog\/wp-includes\/images\/smilies\/icon_mrgreen.gif\" alt=\":mrgreen:\" \/>).<img decoding=\"async\" src=\"http:\/\/www.thomphotos.fr\/blog\/wp-includes\/images\/smilies\/icon_wink.gif\" alt=\";-)\" \/><\/p>\n","protected":false},"excerpt":{"rendered":"<p>ShareArghhh ! Je suis \u00e0 la bourre ! Je pensais revenir plus t\u00f4t sur le pc pour mettre \u00e7a en ligne, mais j&rsquo;ai rat\u00e9 (la piscine et le potager m&rsquo;ont prit plus de temps que pr\u00e9vu). Du coup, comme je &hellip; <a href=\"https:\/\/www.thomphotos.fr\/blog\/cut\/\">Continuer la lecture <span class=\"meta-nav\">&rarr;<\/span><\/a><\/p>\n","protected":false},"author":1,"featured_media":0,"comment_status":"open","ping_status":"open","sticky":false,"template":"","format":"standard","meta":{"footnotes":""},"categories":[49,124,3,4],"tags":[194,198,175,176],"class_list":["post-1110","post","type-post","status-publish","format-standard","hentry","category-bricolage","category-nature","category-news","category-photos","tag-bricolage","tag-nature","tag-news","tag-photos"],"_links":{"self":[{"href":"https:\/\/www.thomphotos.fr\/blog\/wp-json\/wp\/v2\/posts\/1110","targetHints":{"allow":["GET"]}}],"collection":[{"href":"https:\/\/www.thomphotos.fr\/blog\/wp-json\/wp\/v2\/posts"}],"about":[{"href":"https:\/\/www.thomphotos.fr\/blog\/wp-json\/wp\/v2\/types\/post"}],"author":[{"embeddable":true,"href":"https:\/\/www.thomphotos.fr\/blog\/wp-json\/wp\/v2\/users\/1"}],"replies":[{"embeddable":true,"href":"https:\/\/www.thomphotos.fr\/blog\/wp-json\/wp\/v2\/comments?post=1110"}],"version-history":[{"count":1,"href":"https:\/\/www.thomphotos.fr\/blog\/wp-json\/wp\/v2\/posts\/1110\/revisions"}],"predecessor-version":[{"id":1111,"href":"https:\/\/www.thomphotos.fr\/blog\/wp-json\/wp\/v2\/posts\/1110\/revisions\/1111"}],"wp:attachment":[{"href":"https:\/\/www.thomphotos.fr\/blog\/wp-json\/wp\/v2\/media?parent=1110"}],"wp:term":[{"taxonomy":"category","embeddable":true,"href":"https:\/\/www.thomphotos.fr\/blog\/wp-json\/wp\/v2\/categories?post=1110"},{"taxonomy":"post_tag","embeddable":true,"href":"https:\/\/www.thomphotos.fr\/blog\/wp-json\/wp\/v2\/tags?post=1110"}],"curies":[{"name":"wp","href":"https:\/\/api.w.org\/{rel}","templated":true}]}}