{"id":1236,"date":"2015-12-16T00:56:16","date_gmt":"2015-12-15T22:56:16","guid":{"rendered":"http:\/\/www.thomphotos.fr\/blog\/?p=1236"},"modified":"2015-12-16T00:56:16","modified_gmt":"2015-12-15T22:56:16","slug":"la-piste-du-koala","status":"publish","type":"post","link":"https:\/\/www.thomphotos.fr\/blog\/la-piste-du-koala\/","title":{"rendered":"La piste du Koala"},"content":{"rendered":"<div id=\"fb_share_1\" style=\"float: right; margin-left: 10px;\"><a name=\"fb_share\" type=\"box_count\" share_url=\"https:\/\/www.thomphotos.fr\/blog\/la-piste-du-koala\/\" href=\"http:\/\/www.facebook.com\/sharer.php\">Share<\/a><\/div><div><script src=\"http:\/\/static.ak.fbcdn.net\/connect.php\/js\/FB.Share\" type=\"text\/javascript\"><\/script><\/div><p>Bonsoir \u00e0 tous, d\u00e9sol\u00e9 de l&rsquo;heure tardive pour sortir l&rsquo;article.<\/p>\n<p>J&rsquo;ai eu des nouvelles du koala, il a \u00e9t\u00e9 aper\u00e7u dans un avion qui reliait les USA et Paris !<\/p>\n<p>Je pars donc jeudi matin pour Paris et j&rsquo;esp\u00e8re arriver \u00e0 le coincer avant qu&rsquo;il ne disparaisse dans la nature \u00e0 nouveau !<img decoding=\"async\" src=\"http:\/\/www.thomphotos.fr\/blog\/wp-includes\/images\/smilies\/icon_cool.gif\" alt=\":cool:\" \/><\/p>\n<p>Depuis le temps qu&rsquo;il a disparu&#8230; vivement que j&rsquo;arrive \u00e0 remettre la main dessus. Il pr\u00e9pare sans doute un mauvais coup encore. Un cambriolage de chocolaterie ou de distillerie d&rsquo;alcool sans doute !<img decoding=\"async\" src=\"http:\/\/www.thomphotos.fr\/blog\/wp-includes\/images\/smilies\/icon_rolleyes.gif\" alt=\":roll:\" \/><\/p>\n<p>&nbsp;<\/p>\n<p>Concernant le reste des news, j&rsquo;ai mis \u00e0 jour le blog (WordPress 4.4) et j&rsquo;ai mis la neige sur le site (hooo y neige !<img decoding=\"async\" src=\"http:\/\/www.thomphotos.fr\/blog\/wp-includes\/images\/smilies\/icon_mrgreen.gif\" alt=\":mrgreen:\" \/> ).<\/p>\n<p>&nbsp;<\/p>\n<p>Je vous souhaite une tr\u00e8s bonne semaine, dans 9 jours, c&rsquo;est No\u00ebl ! J&rsquo;esp\u00e8re avoir des news positives quant \u00e0 la capture du Koala Cingl\u00e9 \u00e0 Paris, je vous tiendrai au courant vendredi.<img decoding=\"async\" src=\"http:\/\/www.thomphotos.fr\/blog\/wp-includes\/images\/smilies\/icon_wink.gif\" alt=\";-)\" \/><\/p>\n","protected":false},"excerpt":{"rendered":"<p>ShareBonsoir \u00e0 tous, d\u00e9sol\u00e9 de l&rsquo;heure tardive pour sortir l&rsquo;article. J&rsquo;ai eu des nouvelles du koala, il a \u00e9t\u00e9 aper\u00e7u dans un avion qui reliait les USA et Paris ! Je pars donc jeudi matin pour Paris et j&rsquo;esp\u00e8re arriver &hellip; <a href=\"https:\/\/www.thomphotos.fr\/blog\/la-piste-du-koala\/\">Continuer la lecture <span class=\"meta-nav\">&rarr;<\/span><\/a><\/p>\n","protected":false},"author":1,"featured_media":0,"comment_status":"open","ping_status":"open","sticky":false,"template":"","format":"standard","meta":{"footnotes":""},"categories":[133,3],"tags":[108,175],"class_list":["post-1236","post","type-post","status-publish","format-standard","hentry","category-koala-jones-2","category-news","tag-koala-jones","tag-news"],"_links":{"self":[{"href":"https:\/\/www.thomphotos.fr\/blog\/wp-json\/wp\/v2\/posts\/1236","targetHints":{"allow":["GET"]}}],"collection":[{"href":"https:\/\/www.thomphotos.fr\/blog\/wp-json\/wp\/v2\/posts"}],"about":[{"href":"https:\/\/www.thomphotos.fr\/blog\/wp-json\/wp\/v2\/types\/post"}],"author":[{"embeddable":true,"href":"https:\/\/www.thomphotos.fr\/blog\/wp-json\/wp\/v2\/users\/1"}],"replies":[{"embeddable":true,"href":"https:\/\/www.thomphotos.fr\/blog\/wp-json\/wp\/v2\/comments?post=1236"}],"version-history":[{"count":1,"href":"https:\/\/www.thomphotos.fr\/blog\/wp-json\/wp\/v2\/posts\/1236\/revisions"}],"predecessor-version":[{"id":1237,"href":"https:\/\/www.thomphotos.fr\/blog\/wp-json\/wp\/v2\/posts\/1236\/revisions\/1237"}],"wp:attachment":[{"href":"https:\/\/www.thomphotos.fr\/blog\/wp-json\/wp\/v2\/media?parent=1236"}],"wp:term":[{"taxonomy":"category","embeddable":true,"href":"https:\/\/www.thomphotos.fr\/blog\/wp-json\/wp\/v2\/categories?post=1236"},{"taxonomy":"post_tag","embeddable":true,"href":"https:\/\/www.thomphotos.fr\/blog\/wp-json\/wp\/v2\/tags?post=1236"}],"curies":[{"name":"wp","href":"https:\/\/api.w.org\/{rel}","templated":true}]}}