{"id":1350,"date":"2016-07-01T19:54:01","date_gmt":"2016-07-01T17:54:01","guid":{"rendered":"http:\/\/www.thomphotos.fr\/blog\/?p=1350"},"modified":"2016-07-01T20:18:57","modified_gmt":"2016-07-01T18:18:57","slug":"mue-du-site","status":"publish","type":"post","link":"https:\/\/www.thomphotos.fr\/blog\/mue-du-site\/","title":{"rendered":"Mue du site"},"content":{"rendered":"<div id=\"fb_share_1\" style=\"float: right; margin-left: 10px;\"><a name=\"fb_share\" type=\"box_count\" share_url=\"https:\/\/www.thomphotos.fr\/blog\/mue-du-site\/\" href=\"http:\/\/www.facebook.com\/sharer.php\">Share<\/a><\/div><div><script src=\"http:\/\/static.ak.fbcdn.net\/connect.php\/js\/FB.Share\" type=\"text\/javascript\"><\/script><\/div><p>Bonsoir \u00e0 tous !<\/p>\n<p>Ce soir&#8230; malheureusement pas de photos.<img decoding=\"async\" src=\"http:\/\/www.thomphotos.fr\/blog\/wp-includes\/images\/smilies\/icon_rolleyes.gif\" alt=\":roll:\" \/><\/p>\n<p>En fait si : l&rsquo;image de fond du site qui a chang\u00e9e. Mais pas que ! comme vous avez pu le voir, il y a des nouveaut\u00e9 : le design du menu a l\u00e9g\u00e8rement chang\u00e9, ainsi qu&rsquo;un peu du site, le fond, la banni\u00e8re (pas encore finie&#8230;. hem&#8230;.) et des changements dans les pages de photos (des fl\u00e8ches pour avant\/arri\u00e8re, une l\u00e9g\u00e8re modification dans la mise en page aussi. J&rsquo;ai aussi fais un gros travail de fond pour renommer les noms des fichiers, normaliser le tout pour que ce soit plus simple par la suite.<img decoding=\"async\" src=\"http:\/\/www.thomphotos.fr\/blog\/wp-includes\/images\/smilies\/icon_mad.gif\" alt=\":x\" \/><\/p>\n<p>Tout ce travail de fond m&rsquo;a pris plusieurs jours, avec l&rsquo;aide de Mel et de Bibi, que je remercie encore !<img decoding=\"async\" src=\"http:\/\/www.thomphotos.fr\/blog\/wp-includes\/images\/smilies\/icon_biggrin.gif\" alt=\":grin:\" \/><\/p>\n<p>La banni\u00e8re doit encore \u00eatre termin\u00e9e (gr\u00e2ce \u00e0 Bibi, qui nous a d\u00e9j\u00e0 r\u00e9gal\u00e9s du nouveau design du Koala Jones). Gr\u00e2ce \u00e0 elles, il y a aussi maintenant <a href=\"https:\/\/www.instagram.com\/thekoalajones\/\">un compte instagram pour le Koala Jones<\/a>&#8230; et comme je n&rsquo;y connais pas\u00a0 grand chose (et que je n&rsquo;ai pas \u00e7a sur mon t\u00e9l\u00e9phone ) c&rsquo;est elles qui s&rsquo;en occuperont (merci encore x3). <a href=\"https:\/\/www.instagram.com\/thekoalajones\/\">N&rsquo;h\u00e9sitez pas \u00e0 aller y faire un tour et \u00e0 vous y abonner<\/a>.<img decoding=\"async\" src=\"http:\/\/www.thomphotos.fr\/blog\/wp-includes\/images\/smilies\/icon_mrgreen.gif\" alt=\":mrgreen:\" \/><\/p>\n<p>J&rsquo;aurais pu faire cette mise \u00e0 jour mardi, c&rsquo;est vrai, mais je me suis lanc\u00e9 l\u00e0-dedans et&#8230; ben du coup la voil\u00e0 en avance. Mais du coup, vendredi prochain, il y aura un test de mat\u00e9riel !<\/p>\n<p>Et je vous mets quand m\u00eame une photo parcequ&rsquo;on est vendredi : des petits-pois !<img decoding=\"async\" src=\"http:\/\/www.thomphotos.fr\/blog\/wp-includes\/images\/smilies\/icon_mrgreen.gif\" alt=\":mrgreen:\" \/><\/p>\n<div style=\"width: 810px\" class=\"wp-caption alignnone\"><img loading=\"lazy\" decoding=\"async\" class=\"\" src=\"http:\/\/www.thomphotos.fr\/images\/cuisine\/Petits_pois.jpg\" width=\"800\" height=\"533\" \/><p class=\"wp-caption-text\">Petits_pois<\/p><\/div>\n<p>Et hop, je vous souhaite un tr\u00e8s bon week-end et \u00e0 mardi !<img decoding=\"async\" src=\"http:\/\/www.thomphotos.fr\/blog\/wp-includes\/images\/smilies\/icon_wink.gif\" alt=\";-)\" \/><\/p>\n","protected":false},"excerpt":{"rendered":"<p>ShareBonsoir \u00e0 tous ! Ce soir&#8230; malheureusement pas de photos. En fait si : l&rsquo;image de fond du site qui a chang\u00e9e. Mais pas que ! comme vous avez pu le voir, il y a des nouveaut\u00e9 : le design &hellip; <a href=\"https:\/\/www.thomphotos.fr\/blog\/mue-du-site\/\">Continuer la lecture <span class=\"meta-nav\">&rarr;<\/span><\/a><\/p>\n","protected":false},"author":1,"featured_media":0,"comment_status":"open","ping_status":"open","sticky":false,"template":"","format":"standard","meta":{"footnotes":""},"categories":[69,124,3,57],"tags":[71,198,175,195],"class_list":["post-1350","post","type-post","status-publish","format-standard","hentry","category-cuisine","category-nature","category-news","category-site-et-blog","tag-cuisine-2","tag-nature","tag-news","tag-site-et-blog"],"_links":{"self":[{"href":"https:\/\/www.thomphotos.fr\/blog\/wp-json\/wp\/v2\/posts\/1350","targetHints":{"allow":["GET"]}}],"collection":[{"href":"https:\/\/www.thomphotos.fr\/blog\/wp-json\/wp\/v2\/posts"}],"about":[{"href":"https:\/\/www.thomphotos.fr\/blog\/wp-json\/wp\/v2\/types\/post"}],"author":[{"embeddable":true,"href":"https:\/\/www.thomphotos.fr\/blog\/wp-json\/wp\/v2\/users\/1"}],"replies":[{"embeddable":true,"href":"https:\/\/www.thomphotos.fr\/blog\/wp-json\/wp\/v2\/comments?post=1350"}],"version-history":[{"count":2,"href":"https:\/\/www.thomphotos.fr\/blog\/wp-json\/wp\/v2\/posts\/1350\/revisions"}],"predecessor-version":[{"id":1352,"href":"https:\/\/www.thomphotos.fr\/blog\/wp-json\/wp\/v2\/posts\/1350\/revisions\/1352"}],"wp:attachment":[{"href":"https:\/\/www.thomphotos.fr\/blog\/wp-json\/wp\/v2\/media?parent=1350"}],"wp:term":[{"taxonomy":"category","embeddable":true,"href":"https:\/\/www.thomphotos.fr\/blog\/wp-json\/wp\/v2\/categories?post=1350"},{"taxonomy":"post_tag","embeddable":true,"href":"https:\/\/www.thomphotos.fr\/blog\/wp-json\/wp\/v2\/tags?post=1350"}],"curies":[{"name":"wp","href":"https:\/\/api.w.org\/{rel}","templated":true}]}}