{"id":1446,"date":"2017-02-10T18:58:26","date_gmt":"2017-02-10T16:58:26","guid":{"rendered":"http:\/\/www.thomphotos.fr\/blog\/?p=1446"},"modified":"2017-02-10T18:58:26","modified_gmt":"2017-02-10T16:58:26","slug":"le-sens-de-la-vie","status":"publish","type":"post","link":"https:\/\/www.thomphotos.fr\/blog\/le-sens-de-la-vie\/","title":{"rendered":"Le sens de la vie"},"content":{"rendered":"<div id=\"fb_share_1\" style=\"float: right; margin-left: 10px;\"><a name=\"fb_share\" type=\"box_count\" share_url=\"https:\/\/www.thomphotos.fr\/blog\/le-sens-de-la-vie\/\" href=\"http:\/\/www.facebook.com\/sharer.php\">Share<\/a><\/div><div><script src=\"http:\/\/static.ak.fbcdn.net\/connect.php\/js\/FB.Share\" type=\"text\/javascript\"><\/script><\/div><p>42 !<\/p>\n<p>Et sinon y&rsquo;a \u00e7a qui est pas mal aussi&#8230;<\/p>\n<div style=\"width: 810px\" class=\"wp-caption alignnone\"><img loading=\"lazy\" decoding=\"async\" class=\"size-full\" src=\"http:\/\/www.thomphotos.fr\/images\/cuisine\/Sens_de_la_vie.jpg\" width=\"800\" height=\"533\" \/><p class=\"wp-caption-text\">Sens_de_la_vie<\/p><\/div>\n<p><a href=\"http:\/\/www.thomphotos.fr\/index.php?page=photos_cuisine_6\">Accompagn\u00e9 de 5 autres photos de nourriture !<\/a><\/p>\n<p>Sur ces d\u00e9licieuses images, je vous souhaite un tr\u00e8s bon week-end et vous donne rendez-vous vendredi prochain pour les prochaines photos ou alors ce week-end sur mon stream pour du JDR le samedi et un stream en trio dimanche !<img decoding=\"async\" src=\"http:\/\/www.thomphotos.fr\/blog\/wp-includes\/images\/smilies\/icon_wink.gif\" alt=\";-)\" \/><\/p>\n","protected":false},"excerpt":{"rendered":"<p>Share42 ! Et sinon y&rsquo;a \u00e7a qui est pas mal aussi&#8230; Accompagn\u00e9 de 5 autres photos de nourriture ! Sur ces d\u00e9licieuses images, je vous souhaite un tr\u00e8s bon week-end et vous donne rendez-vous vendredi prochain pour les prochaines photos &hellip; <a href=\"https:\/\/www.thomphotos.fr\/blog\/le-sens-de-la-vie\/\">Continuer la lecture <span class=\"meta-nav\">&rarr;<\/span><\/a><\/p>\n","protected":false},"author":1,"featured_media":0,"comment_status":"open","ping_status":"open","sticky":false,"template":"","format":"standard","meta":{"footnotes":""},"categories":[69,4],"tags":[71,176],"class_list":["post-1446","post","type-post","status-publish","format-standard","hentry","category-cuisine","category-photos","tag-cuisine-2","tag-photos"],"_links":{"self":[{"href":"https:\/\/www.thomphotos.fr\/blog\/wp-json\/wp\/v2\/posts\/1446","targetHints":{"allow":["GET"]}}],"collection":[{"href":"https:\/\/www.thomphotos.fr\/blog\/wp-json\/wp\/v2\/posts"}],"about":[{"href":"https:\/\/www.thomphotos.fr\/blog\/wp-json\/wp\/v2\/types\/post"}],"author":[{"embeddable":true,"href":"https:\/\/www.thomphotos.fr\/blog\/wp-json\/wp\/v2\/users\/1"}],"replies":[{"embeddable":true,"href":"https:\/\/www.thomphotos.fr\/blog\/wp-json\/wp\/v2\/comments?post=1446"}],"version-history":[{"count":1,"href":"https:\/\/www.thomphotos.fr\/blog\/wp-json\/wp\/v2\/posts\/1446\/revisions"}],"predecessor-version":[{"id":1447,"href":"https:\/\/www.thomphotos.fr\/blog\/wp-json\/wp\/v2\/posts\/1446\/revisions\/1447"}],"wp:attachment":[{"href":"https:\/\/www.thomphotos.fr\/blog\/wp-json\/wp\/v2\/media?parent=1446"}],"wp:term":[{"taxonomy":"category","embeddable":true,"href":"https:\/\/www.thomphotos.fr\/blog\/wp-json\/wp\/v2\/categories?post=1446"},{"taxonomy":"post_tag","embeddable":true,"href":"https:\/\/www.thomphotos.fr\/blog\/wp-json\/wp\/v2\/tags?post=1446"}],"curies":[{"name":"wp","href":"https:\/\/api.w.org\/{rel}","templated":true}]}}