{"id":1448,"date":"2017-02-17T16:57:22","date_gmt":"2017-02-17T14:57:22","guid":{"rendered":"http:\/\/www.thomphotos.fr\/blog\/?p=1448"},"modified":"2017-02-17T16:57:22","modified_gmt":"2017-02-17T14:57:22","slug":"en-attendant-le-printemps-dans-les-fougeres","status":"publish","type":"post","link":"https:\/\/www.thomphotos.fr\/blog\/en-attendant-le-printemps-dans-les-fougeres\/","title":{"rendered":"En attendant le printemps dans les foug\u00e8res"},"content":{"rendered":"<div id=\"fb_share_1\" style=\"float: right; margin-left: 10px;\"><a name=\"fb_share\" type=\"box_count\" share_url=\"https:\/\/www.thomphotos.fr\/blog\/en-attendant-le-printemps-dans-les-fougeres\/\" href=\"http:\/\/www.facebook.com\/sharer.php\">Share<\/a><\/div><div><script src=\"http:\/\/static.ak.fbcdn.net\/connect.php\/js\/FB.Share\" type=\"text\/javascript\"><\/script><\/div><p>Apr\u00e8s des moments de grands froids et de mauvais temps, les premiers jours de beau temps reviennent. Et Tibou attend sagement sur son nid de foug\u00e8res le retour de l&rsquo;\u00e9t\u00e9 tout en profitant du soleil.<\/p>\n<div style=\"width: 810px\" class=\"wp-caption alignnone\"><img loading=\"lazy\" decoding=\"async\" class=\"size-full\" src=\"http:\/\/www.thomphotos.fr\/images\/animaux\/Tibou_9.jpg\" width=\"800\" height=\"533\" \/><p class=\"wp-caption-text\">Tibou_9<\/p><\/div>\n<p>Je vous propose donc 6 photos du Tibou Tibou dans les foug\u00e8res s\u00e8ches <a href=\"http:\/\/www.thomphotos.fr\/index.php?page=photos_animaux_9\">en page 9<\/a> et <a href=\"http:\/\/www.thomphotos.fr\/index.php?page=photos_animaux_10\">10 de la section des photos d&rsquo;animaux<\/a>.<\/p>\n<p>&nbsp;<\/p>\n<p>Je vous souhaite donc un tr\u00e8s bon week-end et vous retrouve vendredi prochain. Sauf ceux qui viendrons me voir en stream, car je streamerai tout les soirs jusqu&rsquo;au 3 mars \u00e0 partir de 19h.<\/p>\n","protected":false},"excerpt":{"rendered":"<p>ShareApr\u00e8s des moments de grands froids et de mauvais temps, les premiers jours de beau temps reviennent. Et Tibou attend sagement sur son nid de foug\u00e8res le retour de l&rsquo;\u00e9t\u00e9 tout en profitant du soleil. Je vous propose donc 6 &hellip; <a href=\"https:\/\/www.thomphotos.fr\/blog\/en-attendant-le-printemps-dans-les-fougeres\/\">Continuer la lecture <span class=\"meta-nav\">&rarr;<\/span><\/a><\/p>\n","protected":false},"author":1,"featured_media":0,"comment_status":"open","ping_status":"open","sticky":false,"template":"","format":"standard","meta":{"footnotes":""},"categories":[6,4],"tags":[177,176],"class_list":["post-1448","post","type-post","status-publish","format-standard","hentry","category-animaux","category-photos","tag-animaux","tag-photos"],"_links":{"self":[{"href":"https:\/\/www.thomphotos.fr\/blog\/wp-json\/wp\/v2\/posts\/1448","targetHints":{"allow":["GET"]}}],"collection":[{"href":"https:\/\/www.thomphotos.fr\/blog\/wp-json\/wp\/v2\/posts"}],"about":[{"href":"https:\/\/www.thomphotos.fr\/blog\/wp-json\/wp\/v2\/types\/post"}],"author":[{"embeddable":true,"href":"https:\/\/www.thomphotos.fr\/blog\/wp-json\/wp\/v2\/users\/1"}],"replies":[{"embeddable":true,"href":"https:\/\/www.thomphotos.fr\/blog\/wp-json\/wp\/v2\/comments?post=1448"}],"version-history":[{"count":1,"href":"https:\/\/www.thomphotos.fr\/blog\/wp-json\/wp\/v2\/posts\/1448\/revisions"}],"predecessor-version":[{"id":1449,"href":"https:\/\/www.thomphotos.fr\/blog\/wp-json\/wp\/v2\/posts\/1448\/revisions\/1449"}],"wp:attachment":[{"href":"https:\/\/www.thomphotos.fr\/blog\/wp-json\/wp\/v2\/media?parent=1448"}],"wp:term":[{"taxonomy":"category","embeddable":true,"href":"https:\/\/www.thomphotos.fr\/blog\/wp-json\/wp\/v2\/categories?post=1448"},{"taxonomy":"post_tag","embeddable":true,"href":"https:\/\/www.thomphotos.fr\/blog\/wp-json\/wp\/v2\/tags?post=1448"}],"curies":[{"name":"wp","href":"https:\/\/api.w.org\/{rel}","templated":true}]}}