{"id":1592,"date":"2019-10-04T14:08:19","date_gmt":"2019-10-04T12:08:19","guid":{"rendered":"http:\/\/www.thomphotos.fr\/blog\/?p=1592"},"modified":"2019-10-04T14:09:25","modified_gmt":"2019-10-04T12:09:25","slug":"saint-petersbourg-j3","status":"publish","type":"post","link":"https:\/\/www.thomphotos.fr\/blog\/saint-petersbourg-j3\/","title":{"rendered":"Saint-p\u00e9tersbourg, J3"},"content":{"rendered":"<div id=\"fb_share_1\" style=\"float: right; margin-left: 10px;\"><a name=\"fb_share\" type=\"box_count\" share_url=\"https:\/\/www.thomphotos.fr\/blog\/saint-petersbourg-j3\/\" href=\"http:\/\/www.facebook.com\/sharer.php\">Share<\/a><\/div><div><script src=\"http:\/\/static.ak.fbcdn.net\/connect.php\/js\/FB.Share\" type=\"text\/javascript\"><\/script><\/div>\n<p>Bonjour \u00e0 tous !<br>Aujourd&rsquo;hui, encore un gros morceau :<a href=\"http:\/\/www.thomphotos.fr\/index.php?page=2018\/r_petersbourg_J3\"> le 3\u00e8me jour de reportage \u00e0 saint-p\u00e9tersbourg<\/a> !<\/p>\n\n\n\n<figure class=\"wp-block-image\"><img decoding=\"async\" src=\"http:\/\/www.thomphotos.fr\/pages\/2018\/R_petersbourg\/J3\/Saint_petersbourg_j3_42.jpg\" alt=\"\"\/><\/figure>\n\n\n\n<p>Je vous souhaite une bonne lecture et un bon week-end, \u00e0 vendredi prochain pour le 4\u00e8me jour de reportage (puis ensuite 3 semaines de pause) <br><br> &#x1f428; <\/p>\n","protected":false},"excerpt":{"rendered":"<p>Share Bonjour \u00e0 tous !Aujourd&rsquo;hui, encore un gros morceau : le 3\u00e8me jour de reportage \u00e0 saint-p\u00e9tersbourg ! Je vous souhaite une bonne lecture et un bon week-end, \u00e0 vendredi prochain pour le 4\u00e8me jour de reportage (puis ensuite 3 &hellip; <a href=\"https:\/\/www.thomphotos.fr\/blog\/saint-petersbourg-j3\/\">Continuer la lecture <span class=\"meta-nav\">&rarr;<\/span><\/a><\/p>\n","protected":false},"author":1,"featured_media":0,"comment_status":"open","ping_status":"open","sticky":false,"template":"","format":"standard","meta":{"footnotes":""},"categories":[3,4,23],"tags":[175,176,89],"class_list":["post-1592","post","type-post","status-publish","format-standard","hentry","category-news","category-photos","category-reportage","tag-news","tag-photos","tag-reportages"],"_links":{"self":[{"href":"https:\/\/www.thomphotos.fr\/blog\/wp-json\/wp\/v2\/posts\/1592","targetHints":{"allow":["GET"]}}],"collection":[{"href":"https:\/\/www.thomphotos.fr\/blog\/wp-json\/wp\/v2\/posts"}],"about":[{"href":"https:\/\/www.thomphotos.fr\/blog\/wp-json\/wp\/v2\/types\/post"}],"author":[{"embeddable":true,"href":"https:\/\/www.thomphotos.fr\/blog\/wp-json\/wp\/v2\/users\/1"}],"replies":[{"embeddable":true,"href":"https:\/\/www.thomphotos.fr\/blog\/wp-json\/wp\/v2\/comments?post=1592"}],"version-history":[{"count":3,"href":"https:\/\/www.thomphotos.fr\/blog\/wp-json\/wp\/v2\/posts\/1592\/revisions"}],"predecessor-version":[{"id":1595,"href":"https:\/\/www.thomphotos.fr\/blog\/wp-json\/wp\/v2\/posts\/1592\/revisions\/1595"}],"wp:attachment":[{"href":"https:\/\/www.thomphotos.fr\/blog\/wp-json\/wp\/v2\/media?parent=1592"}],"wp:term":[{"taxonomy":"category","embeddable":true,"href":"https:\/\/www.thomphotos.fr\/blog\/wp-json\/wp\/v2\/categories?post=1592"},{"taxonomy":"post_tag","embeddable":true,"href":"https:\/\/www.thomphotos.fr\/blog\/wp-json\/wp\/v2\/tags?post=1592"}],"curies":[{"name":"wp","href":"https:\/\/api.w.org\/{rel}","templated":true}]}}