{"id":1616,"date":"2020-03-20T16:13:09","date_gmt":"2020-03-20T14:13:09","guid":{"rendered":"http:\/\/www.thomphotos.fr\/blog\/?p=1616"},"modified":"2020-03-20T16:13:09","modified_gmt":"2020-03-20T14:13:09","slug":"aventures-en-espagne-1er-jour","status":"publish","type":"post","link":"https:\/\/www.thomphotos.fr\/blog\/aventures-en-espagne-1er-jour\/","title":{"rendered":"Aventures en Espagne, 1er jour"},"content":{"rendered":"<div id=\"fb_share_1\" style=\"float: right; margin-left: 10px;\"><a name=\"fb_share\" type=\"box_count\" share_url=\"https:\/\/www.thomphotos.fr\/blog\/aventures-en-espagne-1er-jour\/\" href=\"http:\/\/www.facebook.com\/sharer.php\">Share<\/a><\/div><div><script src=\"http:\/\/static.ak.fbcdn.net\/connect.php\/js\/FB.Share\" type=\"text\/javascript\"><\/script><\/div>\n<p>Bonjour \u00e0 tous !<br><br><a href=\"http:\/\/www.thomphotos.fr\/index.php?page=2019\/r_espagne_J1\">Pour ce premier jour en Espagne, nous commen\u00e7ons par la visite de Berja.<\/a><\/p>\n\n\n\n<figure class=\"wp-block-image\"><img decoding=\"async\" src=\"http:\/\/www.thomphotos.fr\/pages\/2019\/R_espagne\/J1\/Espagne_2019_J1_14.jpg\" alt=\"\"\/><\/figure>\n\n\n\n<p>Malgr\u00e9 le confinement, je vous souhaite une bonne lecture, un bon week-end et une bonne semaine !  &#x1f428; <\/p>\n\n\n\n<p>Et n&rsquo;oubliez pas : RESTEZ CHEZ VOUS et LAVEZ-VOUS LES MAINS ! Le nombre de contamin\u00e9s et donc de d\u00e9c\u00e8s est entre vos mains.<br><\/p>\n","protected":false},"excerpt":{"rendered":"<p>Share Bonjour \u00e0 tous ! Pour ce premier jour en Espagne, nous commen\u00e7ons par la visite de Berja. Malgr\u00e9 le confinement, je vous souhaite une bonne lecture, un bon week-end et une bonne semaine ! &#x1f428; Et n&rsquo;oubliez pas : &hellip; <a href=\"https:\/\/www.thomphotos.fr\/blog\/aventures-en-espagne-1er-jour\/\">Continuer la lecture <span class=\"meta-nav\">&rarr;<\/span><\/a><\/p>\n","protected":false},"author":1,"featured_media":0,"comment_status":"open","ping_status":"open","sticky":false,"template":"","format":"standard","meta":{"footnotes":""},"categories":[3,4,23],"tags":[47,175,215,176,182],"class_list":["post-1616","post","type-post","status-publish","format-standard","hentry","category-news","category-photos","category-reportage","tag-espagne","tag-news","tag-pandemie","tag-photos","tag-reportage"],"_links":{"self":[{"href":"https:\/\/www.thomphotos.fr\/blog\/wp-json\/wp\/v2\/posts\/1616","targetHints":{"allow":["GET"]}}],"collection":[{"href":"https:\/\/www.thomphotos.fr\/blog\/wp-json\/wp\/v2\/posts"}],"about":[{"href":"https:\/\/www.thomphotos.fr\/blog\/wp-json\/wp\/v2\/types\/post"}],"author":[{"embeddable":true,"href":"https:\/\/www.thomphotos.fr\/blog\/wp-json\/wp\/v2\/users\/1"}],"replies":[{"embeddable":true,"href":"https:\/\/www.thomphotos.fr\/blog\/wp-json\/wp\/v2\/comments?post=1616"}],"version-history":[{"count":1,"href":"https:\/\/www.thomphotos.fr\/blog\/wp-json\/wp\/v2\/posts\/1616\/revisions"}],"predecessor-version":[{"id":1617,"href":"https:\/\/www.thomphotos.fr\/blog\/wp-json\/wp\/v2\/posts\/1616\/revisions\/1617"}],"wp:attachment":[{"href":"https:\/\/www.thomphotos.fr\/blog\/wp-json\/wp\/v2\/media?parent=1616"}],"wp:term":[{"taxonomy":"category","embeddable":true,"href":"https:\/\/www.thomphotos.fr\/blog\/wp-json\/wp\/v2\/categories?post=1616"},{"taxonomy":"post_tag","embeddable":true,"href":"https:\/\/www.thomphotos.fr\/blog\/wp-json\/wp\/v2\/tags?post=1616"}],"curies":[{"name":"wp","href":"https:\/\/api.w.org\/{rel}","templated":true}]}}