{"id":1674,"date":"2020-10-02T14:17:29","date_gmt":"2020-10-02T12:17:29","guid":{"rendered":"http:\/\/www.thomphotos.fr\/blog\/?p=1674"},"modified":"2020-10-02T14:17:29","modified_gmt":"2020-10-02T12:17:29","slug":"boustifaiiiiiille-4","status":"publish","type":"post","link":"https:\/\/www.thomphotos.fr\/blog\/boustifaiiiiiille-4\/","title":{"rendered":"Boustifaiiiiiille +4 !"},"content":{"rendered":"<div id=\"fb_share_1\" style=\"float: right; margin-left: 10px;\"><a name=\"fb_share\" type=\"box_count\" share_url=\"https:\/\/www.thomphotos.fr\/blog\/boustifaiiiiiille-4\/\" href=\"http:\/\/www.facebook.com\/sharer.php\">Share<\/a><\/div><div><script src=\"http:\/\/static.ak.fbcdn.net\/connect.php\/js\/FB.Share\" type=\"text\/javascript\"><\/script><\/div>\n<p>Bonjour \u00e0 tous !<br>Je viens de me rendre compte que j&rsquo;ai oubli\u00e9 de mettre en ligne les photos vendredi dernier\u2026 <em>oups<\/em> \u00c0 ma d\u00e9charge, j&rsquo;avais pas mal \u00e0 faire pour la prochaine vid\u00e9o (le montage est bient\u00f4t fini !).<\/p>\n\n\n\n<p>Du coup, voici les photos de vendredi dernier qui sortent aujourd&rsquo;hui <em>hem hem<\/em> <a href=\"http:\/\/www.thomphotos.fr\/index.php?page=photos_cuisine_13\">en page 13 de la cuisine !<\/a><\/p>\n\n\n\n<figure class=\"wp-block-image\"><img decoding=\"async\" src=\"http:\/\/www.thomphotos.fr\/images\/cuisine\/Tartare_de_boeuf_2.jpg\" alt=\"\"\/><\/figure>\n\n\n\n<p>Je vous souhaite un tr\u00e8s bon week-end et \u00e0 vendredi prochain (si je n&rsquo;oublie pas\u2026).<\/p>\n","protected":false},"excerpt":{"rendered":"<p>Share Bonjour \u00e0 tous !Je viens de me rendre compte que j&rsquo;ai oubli\u00e9 de mettre en ligne les photos vendredi dernier\u2026 oups \u00c0 ma d\u00e9charge, j&rsquo;avais pas mal \u00e0 faire pour la prochaine vid\u00e9o (le montage est bient\u00f4t fini !). &hellip; <a href=\"https:\/\/www.thomphotos.fr\/blog\/boustifaiiiiiille-4\/\">Continuer la lecture <span class=\"meta-nav\">&rarr;<\/span><\/a><\/p>\n","protected":false},"author":1,"featured_media":0,"comment_status":"open","ping_status":"open","sticky":false,"template":"","format":"standard","meta":{"footnotes":""},"categories":[69,3,26,4],"tags":[71,175,184,176],"class_list":["post-1674","post","type-post","status-publish","format-standard","hentry","category-cuisine","category-news","category-nourriture","category-photos","tag-cuisine-2","tag-news","tag-nourriture","tag-photos"],"_links":{"self":[{"href":"https:\/\/www.thomphotos.fr\/blog\/wp-json\/wp\/v2\/posts\/1674","targetHints":{"allow":["GET"]}}],"collection":[{"href":"https:\/\/www.thomphotos.fr\/blog\/wp-json\/wp\/v2\/posts"}],"about":[{"href":"https:\/\/www.thomphotos.fr\/blog\/wp-json\/wp\/v2\/types\/post"}],"author":[{"embeddable":true,"href":"https:\/\/www.thomphotos.fr\/blog\/wp-json\/wp\/v2\/users\/1"}],"replies":[{"embeddable":true,"href":"https:\/\/www.thomphotos.fr\/blog\/wp-json\/wp\/v2\/comments?post=1674"}],"version-history":[{"count":1,"href":"https:\/\/www.thomphotos.fr\/blog\/wp-json\/wp\/v2\/posts\/1674\/revisions"}],"predecessor-version":[{"id":1676,"href":"https:\/\/www.thomphotos.fr\/blog\/wp-json\/wp\/v2\/posts\/1674\/revisions\/1676"}],"wp:attachment":[{"href":"https:\/\/www.thomphotos.fr\/blog\/wp-json\/wp\/v2\/media?parent=1674"}],"wp:term":[{"taxonomy":"category","embeddable":true,"href":"https:\/\/www.thomphotos.fr\/blog\/wp-json\/wp\/v2\/categories?post=1674"},{"taxonomy":"post_tag","embeddable":true,"href":"https:\/\/www.thomphotos.fr\/blog\/wp-json\/wp\/v2\/tags?post=1674"}],"curies":[{"name":"wp","href":"https:\/\/api.w.org\/{rel}","templated":true}]}}