{"id":1677,"date":"2020-10-06T13:48:37","date_gmt":"2020-10-06T11:48:37","guid":{"rendered":"http:\/\/www.thomphotos.fr\/blog\/?p=1677"},"modified":"2020-10-06T13:48:46","modified_gmt":"2020-10-06T11:48:46","slug":"seconde-recette-en-video","status":"publish","type":"post","link":"https:\/\/www.thomphotos.fr\/blog\/seconde-recette-en-video\/","title":{"rendered":"Seconde recette en vid\u00e9o"},"content":{"rendered":"<div id=\"fb_share_1\" style=\"float: right; margin-left: 10px;\"><a name=\"fb_share\" type=\"box_count\" share_url=\"https:\/\/www.thomphotos.fr\/blog\/seconde-recette-en-video\/\" href=\"http:\/\/www.facebook.com\/sharer.php\">Share<\/a><\/div><div><script src=\"http:\/\/static.ak.fbcdn.net\/connect.php\/js\/FB.Share\" type=\"text\/javascript\"><\/script><\/div>\n<p>Bonjour \u00e0 tous !<\/p>\n\n\n\n<p>Aujourd&rsquo;hui sort la seconde vid\u00e9o-recette. Comme le pilote avait l&rsquo;air de plaire, j&rsquo;ai fais cette nouvelle vid\u00e9o, et il y en aura sans doute pleins d&rsquo;autres \u00e0 l&rsquo;avenir vu l&rsquo;engouement qu&rsquo;il y eu pour l&rsquo;\u00e9pisode-pilote.<\/p>\n\n\n\n<p>La technique a \u00e9t\u00e9 am\u00e9lior\u00e9e, l&rsquo;\u00e9quipement aussi. Il reste quelques soucis \u00e0 r\u00e9gler, mais de vid\u00e9o en vid\u00e9o, la qualit\u00e9 augmente.<\/p>\n\n\n\n<p>Je reste preneur de tout avis constructif afin de rendre plus agr\u00e9able encore \u00e0 voir et \u00e0 faire les recettes que je vous partage en vid\u00e9o.<\/p>\n\n\n\n<figure><iframe loading=\"lazy\" src=\"https:\/\/www.youtube.com\/embed\/wcGa1u7zDC4\" allowfullscreen=\"\" width=\"560\" height=\"315\"><\/iframe><\/figure>\n\n\n\n<p>D&rsquo;ici vendredi, je vous souhaite un bon visionnage et une bonne semaine !<\/p>\n","protected":false},"excerpt":{"rendered":"<p>Share Bonjour \u00e0 tous ! Aujourd&rsquo;hui sort la seconde vid\u00e9o-recette. Comme le pilote avait l&rsquo;air de plaire, j&rsquo;ai fais cette nouvelle vid\u00e9o, et il y en aura sans doute pleins d&rsquo;autres \u00e0 l&rsquo;avenir vu l&rsquo;engouement qu&rsquo;il y eu pour l&rsquo;\u00e9pisode-pilote. &hellip; <a href=\"https:\/\/www.thomphotos.fr\/blog\/seconde-recette-en-video\/\">Continuer la lecture <span class=\"meta-nav\">&rarr;<\/span><\/a><\/p>\n","protected":false},"author":1,"featured_media":0,"comment_status":"open","ping_status":"open","sticky":false,"template":"","format":"standard","meta":{"footnotes":""},"categories":[69,3,26,41],"tags":[71,175,184,206,193],"class_list":["post-1677","post","type-post","status-publish","format-standard","hentry","category-cuisine","category-news","category-nourriture","category-video","tag-cuisine-2","tag-news","tag-nourriture","tag-recette","tag-video"],"_links":{"self":[{"href":"https:\/\/www.thomphotos.fr\/blog\/wp-json\/wp\/v2\/posts\/1677","targetHints":{"allow":["GET"]}}],"collection":[{"href":"https:\/\/www.thomphotos.fr\/blog\/wp-json\/wp\/v2\/posts"}],"about":[{"href":"https:\/\/www.thomphotos.fr\/blog\/wp-json\/wp\/v2\/types\/post"}],"author":[{"embeddable":true,"href":"https:\/\/www.thomphotos.fr\/blog\/wp-json\/wp\/v2\/users\/1"}],"replies":[{"embeddable":true,"href":"https:\/\/www.thomphotos.fr\/blog\/wp-json\/wp\/v2\/comments?post=1677"}],"version-history":[{"count":2,"href":"https:\/\/www.thomphotos.fr\/blog\/wp-json\/wp\/v2\/posts\/1677\/revisions"}],"predecessor-version":[{"id":1679,"href":"https:\/\/www.thomphotos.fr\/blog\/wp-json\/wp\/v2\/posts\/1677\/revisions\/1679"}],"wp:attachment":[{"href":"https:\/\/www.thomphotos.fr\/blog\/wp-json\/wp\/v2\/media?parent=1677"}],"wp:term":[{"taxonomy":"category","embeddable":true,"href":"https:\/\/www.thomphotos.fr\/blog\/wp-json\/wp\/v2\/categories?post=1677"},{"taxonomy":"post_tag","embeddable":true,"href":"https:\/\/www.thomphotos.fr\/blog\/wp-json\/wp\/v2\/tags?post=1677"}],"curies":[{"name":"wp","href":"https:\/\/api.w.org\/{rel}","templated":true}]}}