{"id":1691,"date":"2020-11-13T20:15:12","date_gmt":"2020-11-13T18:15:12","guid":{"rendered":"http:\/\/www.thomphotos.fr\/blog\/?p=1691"},"modified":"2020-11-13T20:15:12","modified_gmt":"2020-11-13T18:15:12","slug":"boustifaille-toujours-et-ptit-point","status":"publish","type":"post","link":"https:\/\/www.thomphotos.fr\/blog\/boustifaille-toujours-et-ptit-point\/","title":{"rendered":"Boustifaille (toujours !) et p&rsquo;tit point"},"content":{"rendered":"<div id=\"fb_share_1\" style=\"float: right; margin-left: 10px;\"><a name=\"fb_share\" type=\"box_count\" share_url=\"https:\/\/www.thomphotos.fr\/blog\/boustifaille-toujours-et-ptit-point\/\" href=\"http:\/\/www.facebook.com\/sharer.php\">Share<\/a><\/div><div><script src=\"http:\/\/static.ak.fbcdn.net\/connect.php\/js\/FB.Share\" type=\"text\/javascript\"><\/script><\/div>\n<p>Bonjour \u00e0 tous !<\/p>\n\n\n\n<p>J&rsquo;esp\u00e8re que vous allez bien malgr\u00e9 l&rsquo;hiver se rapprochant.<\/p>\n\n\n\n<p>Pour ma part on fait aller, je me console du froid avec de bonnes recettes, ce qui fait encore<a href=\"http:\/\/www.thomphotos.fr\/index.php?page=photos_cuisine_14\"> pleins de photos de cuisine \u00e0 ajouter au site<\/a> !<\/p>\n\n\n\n<figure class=\"wp-block-image\"><img decoding=\"async\" src=\"http:\/\/www.thomphotos.fr\/images\/cuisine\/Pain_maison_1.jpg\" alt=\"\"\/><\/figure>\n\n\n\n<p>\u00c0 c\u00f4t\u00e9 de \u00e7a, un point sur les autres projets : je vous remercie pour les retours et l&rsquo;engouement pour les \u00e9missions de cuisine que je fais. La prochaine est d&rsquo;ailleurs sur le banc de montage et la suivante verra son tournage dimanche !<br>Le livre du reportage \u00e0 Saint-P\u00e9tersbourg avance bien aussi, il sera disponible avant no\u00ebl, n&rsquo;h\u00e9sitez pas \u00e0 y penser comme id\u00e9e de cadeau &#x1f609;<\/p>\n\n\n\n<p>Les projets fromagers avancent au rythme lent de l&rsquo;affinage des-dits fromages ^^<\/p>\n\n\n\n<p>Je vous souhaite un tr\u00e8s bon week-end et \u00e0 vendredi prochain !&#x1f428;<\/p>\n","protected":false},"excerpt":{"rendered":"<p>Share Bonjour \u00e0 tous ! J&rsquo;esp\u00e8re que vous allez bien malgr\u00e9 l&rsquo;hiver se rapprochant. Pour ma part on fait aller, je me console du froid avec de bonnes recettes, ce qui fait encore pleins de photos de cuisine \u00e0 ajouter &hellip; <a href=\"https:\/\/www.thomphotos.fr\/blog\/boustifaille-toujours-et-ptit-point\/\">Continuer la lecture <span class=\"meta-nav\">&rarr;<\/span><\/a><\/p>\n","protected":false},"author":1,"featured_media":0,"comment_status":"open","ping_status":"open","sticky":false,"template":"","format":"standard","meta":{"footnotes":""},"categories":[69,3,26,4],"tags":[71,175,184,176],"class_list":["post-1691","post","type-post","status-publish","format-standard","hentry","category-cuisine","category-news","category-nourriture","category-photos","tag-cuisine-2","tag-news","tag-nourriture","tag-photos"],"_links":{"self":[{"href":"https:\/\/www.thomphotos.fr\/blog\/wp-json\/wp\/v2\/posts\/1691","targetHints":{"allow":["GET"]}}],"collection":[{"href":"https:\/\/www.thomphotos.fr\/blog\/wp-json\/wp\/v2\/posts"}],"about":[{"href":"https:\/\/www.thomphotos.fr\/blog\/wp-json\/wp\/v2\/types\/post"}],"author":[{"embeddable":true,"href":"https:\/\/www.thomphotos.fr\/blog\/wp-json\/wp\/v2\/users\/1"}],"replies":[{"embeddable":true,"href":"https:\/\/www.thomphotos.fr\/blog\/wp-json\/wp\/v2\/comments?post=1691"}],"version-history":[{"count":1,"href":"https:\/\/www.thomphotos.fr\/blog\/wp-json\/wp\/v2\/posts\/1691\/revisions"}],"predecessor-version":[{"id":1692,"href":"https:\/\/www.thomphotos.fr\/blog\/wp-json\/wp\/v2\/posts\/1691\/revisions\/1692"}],"wp:attachment":[{"href":"https:\/\/www.thomphotos.fr\/blog\/wp-json\/wp\/v2\/media?parent=1691"}],"wp:term":[{"taxonomy":"category","embeddable":true,"href":"https:\/\/www.thomphotos.fr\/blog\/wp-json\/wp\/v2\/categories?post=1691"},{"taxonomy":"post_tag","embeddable":true,"href":"https:\/\/www.thomphotos.fr\/blog\/wp-json\/wp\/v2\/tags?post=1691"}],"curies":[{"name":"wp","href":"https:\/\/api.w.org\/{rel}","templated":true}]}}