{"id":1709,"date":"2021-01-15T19:08:53","date_gmt":"2021-01-15T17:08:53","guid":{"rendered":"http:\/\/www.thomphotos.fr\/blog\/?p=1709"},"modified":"2021-01-15T19:08:53","modified_gmt":"2021-01-15T17:08:53","slug":"boustif-ha-bha-non","status":"publish","type":"post","link":"https:\/\/www.thomphotos.fr\/blog\/boustif-ha-bha-non\/","title":{"rendered":"Boustif&#8230;. ha bha non&#8230;"},"content":{"rendered":"<div id=\"fb_share_1\" style=\"float: right; margin-left: 10px;\"><a name=\"fb_share\" type=\"box_count\" share_url=\"https:\/\/www.thomphotos.fr\/blog\/boustif-ha-bha-non\/\" href=\"http:\/\/www.facebook.com\/sharer.php\">Share<\/a><\/div><div><script src=\"http:\/\/static.ak.fbcdn.net\/connect.php\/js\/FB.Share\" type=\"text\/javascript\"><\/script><\/div>\n<p>Bonjour \u00e0 tous !<\/p>\n\n\n\n<p>Aujourd&rsquo;hui, je vous propose 6 photos de v\u00e9hicules : <a href=\"http:\/\/www.thomphotos.fr\/index.php?page=photos_trans-RC_7\">3 locos et un voilier.<\/a><\/p>\n\n\n\n<figure class=\"wp-block-image\"><img decoding=\"async\" src=\"http:\/\/www.thomphotos.fr\/images\/trans-RC\/Saint-malo_2019_4.jpg\" alt=\"\"\/><\/figure>\n\n\n\n<p>Un article relativement cours aujourd&rsquo;hui car il y a beaucoup de choses qui se font en arri\u00e8re-plan.<\/p>\n\n\n\n<p>Entre autre le montage de la prochaine \u00e9mission de cuisine, et la pr\u00e9paration de tournage de la suivante.<\/p>\n\n\n\n<p>Mais aussi un tr\u00e8s gros projet qui me tient beaucoup \u00e0 coeur. Il y est aussi question de cuisine, mais avec un m\u00e9dia diff\u00e9rent.<br>Je vous en reparlerai sous peu, avec pleins d&rsquo;infos et de d\u00e9tails. D\u00e8s que les 2 prochaines \u00e9missions sont sorties, je ferai un article d\u00e9di\u00e9 \u00e0 ce nouveau projet.<\/p>\n\n\n\n<p>En attendant, je vous souhaite un tr\u00e8s bon week-end et n&rsquo;attrapez pas froid ! &#x1f428;<\/p>\n","protected":false},"excerpt":{"rendered":"<p>Share Bonjour \u00e0 tous ! Aujourd&rsquo;hui, je vous propose 6 photos de v\u00e9hicules : 3 locos et un voilier. Un article relativement cours aujourd&rsquo;hui car il y a beaucoup de choses qui se font en arri\u00e8re-plan. Entre autre le montage &hellip; <a href=\"https:\/\/www.thomphotos.fr\/blog\/boustif-ha-bha-non\/\">Continuer la lecture <span class=\"meta-nav\">&rarr;<\/span><\/a><\/p>\n","protected":false},"author":1,"featured_media":0,"comment_status":"open","ping_status":"open","sticky":false,"template":"","format":"standard","meta":{"footnotes":""},"categories":[3,4,38],"tags":[175,176,190],"class_list":["post-1709","post","type-post","status-publish","format-standard","hentry","category-news","category-photos","category-transports","tag-news","tag-photos","tag-transports"],"_links":{"self":[{"href":"https:\/\/www.thomphotos.fr\/blog\/wp-json\/wp\/v2\/posts\/1709","targetHints":{"allow":["GET"]}}],"collection":[{"href":"https:\/\/www.thomphotos.fr\/blog\/wp-json\/wp\/v2\/posts"}],"about":[{"href":"https:\/\/www.thomphotos.fr\/blog\/wp-json\/wp\/v2\/types\/post"}],"author":[{"embeddable":true,"href":"https:\/\/www.thomphotos.fr\/blog\/wp-json\/wp\/v2\/users\/1"}],"replies":[{"embeddable":true,"href":"https:\/\/www.thomphotos.fr\/blog\/wp-json\/wp\/v2\/comments?post=1709"}],"version-history":[{"count":1,"href":"https:\/\/www.thomphotos.fr\/blog\/wp-json\/wp\/v2\/posts\/1709\/revisions"}],"predecessor-version":[{"id":1710,"href":"https:\/\/www.thomphotos.fr\/blog\/wp-json\/wp\/v2\/posts\/1709\/revisions\/1710"}],"wp:attachment":[{"href":"https:\/\/www.thomphotos.fr\/blog\/wp-json\/wp\/v2\/media?parent=1709"}],"wp:term":[{"taxonomy":"category","embeddable":true,"href":"https:\/\/www.thomphotos.fr\/blog\/wp-json\/wp\/v2\/categories?post=1709"},{"taxonomy":"post_tag","embeddable":true,"href":"https:\/\/www.thomphotos.fr\/blog\/wp-json\/wp\/v2\/tags?post=1709"}],"curies":[{"name":"wp","href":"https:\/\/api.w.org\/{rel}","templated":true}]}}