{"id":1732,"date":"2021-04-09T18:27:00","date_gmt":"2021-04-09T16:27:00","guid":{"rendered":"http:\/\/www.thomphotos.fr\/blog\/?p=1732"},"modified":"2021-04-09T18:27:00","modified_gmt":"2021-04-09T16:27:00","slug":"le-retour-du-def","status":"publish","type":"post","link":"https:\/\/www.thomphotos.fr\/blog\/le-retour-du-def\/","title":{"rendered":"Le retour du Def"},"content":{"rendered":"<div id=\"fb_share_1\" style=\"float: right; margin-left: 10px;\"><a name=\"fb_share\" type=\"box_count\" share_url=\"https:\/\/www.thomphotos.fr\/blog\/le-retour-du-def\/\" href=\"http:\/\/www.facebook.com\/sharer.php\">Share<\/a><\/div><div><script src=\"http:\/\/static.ak.fbcdn.net\/connect.php\/js\/FB.Share\" type=\"text\/javascript\"><\/script><\/div>\n<p>Bonjour \u00e0 tous !<\/p>\n\n\n\n<p>Depuis 2 jours je retape la chambre d&rsquo;amis, j&rsquo;ai la t\u00eate dans la sciure, les clou et le parquet, je suis vann\u00e9 !<\/p>\n\n\n\n<figure class=\"wp-block-image\"><img decoding=\"async\" src=\"http:\/\/www.thomphotos.fr\/images\/maquettes\/Def_2021_2.jpg\" alt=\"\"\/><\/figure>\n\n\n\n<p>Du coup, pour aujourd&rsquo;hui, il y aura <a href=\"http:\/\/www.thomphotos.fr\/index.php?page=photos_maquettes_10\">3 petites photos du Def<\/a>, que j&rsquo;ai retap\u00e9 pendant 3 semaines. \u00c7a lui a fait du bien, malgr\u00e9 un chute de koala sur son toit (les d\u00e9g\u00e2ts sont r\u00e9par\u00e9s, pas d&rsquo;inqui\u00e9tudes).<\/p>\n\n\n\n<p>Je vous souhaite un bon week-end et une bonne semaine, \u00e0 vendredi prochain !<br><\/p>\n","protected":false},"excerpt":{"rendered":"<p>Share Bonjour \u00e0 tous ! Depuis 2 jours je retape la chambre d&rsquo;amis, j&rsquo;ai la t\u00eate dans la sciure, les clou et le parquet, je suis vann\u00e9 ! Du coup, pour aujourd&rsquo;hui, il y aura 3 petites photos du Def, &hellip; <a href=\"https:\/\/www.thomphotos.fr\/blog\/le-retour-du-def\/\">Continuer la lecture <span class=\"meta-nav\">&rarr;<\/span><\/a><\/p>\n","protected":false},"author":1,"featured_media":0,"comment_status":"open","ping_status":"open","sticky":false,"template":"","format":"standard","meta":{"footnotes":""},"categories":[4,153],"tags":[176,202],"class_list":["post-1732","post","type-post","status-publish","format-standard","hentry","category-photos","category-rc","tag-photos","tag-rc"],"_links":{"self":[{"href":"https:\/\/www.thomphotos.fr\/blog\/wp-json\/wp\/v2\/posts\/1732","targetHints":{"allow":["GET"]}}],"collection":[{"href":"https:\/\/www.thomphotos.fr\/blog\/wp-json\/wp\/v2\/posts"}],"about":[{"href":"https:\/\/www.thomphotos.fr\/blog\/wp-json\/wp\/v2\/types\/post"}],"author":[{"embeddable":true,"href":"https:\/\/www.thomphotos.fr\/blog\/wp-json\/wp\/v2\/users\/1"}],"replies":[{"embeddable":true,"href":"https:\/\/www.thomphotos.fr\/blog\/wp-json\/wp\/v2\/comments?post=1732"}],"version-history":[{"count":1,"href":"https:\/\/www.thomphotos.fr\/blog\/wp-json\/wp\/v2\/posts\/1732\/revisions"}],"predecessor-version":[{"id":1733,"href":"https:\/\/www.thomphotos.fr\/blog\/wp-json\/wp\/v2\/posts\/1732\/revisions\/1733"}],"wp:attachment":[{"href":"https:\/\/www.thomphotos.fr\/blog\/wp-json\/wp\/v2\/media?parent=1732"}],"wp:term":[{"taxonomy":"category","embeddable":true,"href":"https:\/\/www.thomphotos.fr\/blog\/wp-json\/wp\/v2\/categories?post=1732"},{"taxonomy":"post_tag","embeddable":true,"href":"https:\/\/www.thomphotos.fr\/blog\/wp-json\/wp\/v2\/tags?post=1732"}],"curies":[{"name":"wp","href":"https:\/\/api.w.org\/{rel}","templated":true}]}}