{"id":1738,"date":"2021-04-30T14:36:05","date_gmt":"2021-04-30T12:36:05","guid":{"rendered":"http:\/\/www.thomphotos.fr\/blog\/?p=1738"},"modified":"2021-04-30T14:36:05","modified_gmt":"2021-04-30T12:36:05","slug":"campagne-ulule-j-1","status":"publish","type":"post","link":"https:\/\/www.thomphotos.fr\/blog\/campagne-ulule-j-1\/","title":{"rendered":"Campagne Ulule J-1 !"},"content":{"rendered":"<div id=\"fb_share_1\" style=\"float: right; margin-left: 10px;\"><a name=\"fb_share\" type=\"box_count\" share_url=\"https:\/\/www.thomphotos.fr\/blog\/campagne-ulule-j-1\/\" href=\"http:\/\/www.facebook.com\/sharer.php\">Share<\/a><\/div><div><script src=\"http:\/\/static.ak.fbcdn.net\/connect.php\/js\/FB.Share\" type=\"text\/javascript\"><\/script><\/div>\n<p>HAAAAAAAAAAAAAAAAAAAAAAaaaaaaaaaaaaaaaaaaaaaaaaaaaaaaaaaaaaaaaaaaaaaaaaaa !<\/p>\n\n\n\n<p>Je stress ! Demain \u00e0 19h c&rsquo;est le lancement de la campagne Ulule !<br>Je ferai le lancement en stream, j&rsquo;y serai \u00e0 partir de 18h40.<\/p>\n\n\n\n<p>Au menu, on parlera du livre \u00e9videmment, mais aussi des recettes, de la campagne, de bouffe (toujours), avec pleins de monde qui pourrait passer en vocal avec moi ! Dont la personne qui a r\u00e9dig\u00e9e la pr\u00e9face du livre !<\/p>\n\n\n\n<p>Demain je vais avoir besoin de vous.<\/p>\n\n\n\n<p>Si le livre vous pla\u00eet, n&rsquo;h\u00e9sitez pas \u00e0 le partager !<\/p>\n\n\n\n<figure class=\"wp-block-image\"><img decoding=\"async\" src=\"http:\/\/www.thomphotos.fr\/images\/cuisine\/Marque_a_fromage.jpg\" alt=\"\"\/><\/figure>\n\n\n\n<p>En attendant demain, je vous laisse avec <a href=\"http:\/\/www.thomphotos.fr\/index.php?page=photos_cuisine_18\">quelques photos de boustifaille<\/a>, comme il se doit, et je vous souhaite un bon vendredi !<\/p>\n\n\n\n<p>\u00c0 demain 19h pour le top d\u00e9part ! Je compte sur vous ! &#x1f428;<\/p>\n","protected":false},"excerpt":{"rendered":"<p>Share HAAAAAAAAAAAAAAAAAAAAAAaaaaaaaaaaaaaaaaaaaaaaaaaaaaaaaaaaaaaaaaaaaaaaaaaa ! Je stress ! Demain \u00e0 19h c&rsquo;est le lancement de la campagne Ulule !Je ferai le lancement en stream, j&rsquo;y serai \u00e0 partir de 18h40. Au menu, on parlera du livre \u00e9videmment, mais aussi des recettes, de &hellip; <a href=\"https:\/\/www.thomphotos.fr\/blog\/campagne-ulule-j-1\/\">Continuer la lecture <span class=\"meta-nav\">&rarr;<\/span><\/a><\/p>\n","protected":false},"author":1,"featured_media":0,"comment_status":"open","ping_status":"open","sticky":false,"template":"","format":"standard","meta":{"footnotes":""},"categories":[69,3,4,207,228],"tags":[71,175,176,225,227],"class_list":["post-1738","post","type-post","status-publish","format-standard","hentry","category-cuisine","category-news","category-photos","category-recettes","category-ulule","tag-cuisine-2","tag-news","tag-photos","tag-recettes","tag-ulule"],"_links":{"self":[{"href":"https:\/\/www.thomphotos.fr\/blog\/wp-json\/wp\/v2\/posts\/1738","targetHints":{"allow":["GET"]}}],"collection":[{"href":"https:\/\/www.thomphotos.fr\/blog\/wp-json\/wp\/v2\/posts"}],"about":[{"href":"https:\/\/www.thomphotos.fr\/blog\/wp-json\/wp\/v2\/types\/post"}],"author":[{"embeddable":true,"href":"https:\/\/www.thomphotos.fr\/blog\/wp-json\/wp\/v2\/users\/1"}],"replies":[{"embeddable":true,"href":"https:\/\/www.thomphotos.fr\/blog\/wp-json\/wp\/v2\/comments?post=1738"}],"version-history":[{"count":1,"href":"https:\/\/www.thomphotos.fr\/blog\/wp-json\/wp\/v2\/posts\/1738\/revisions"}],"predecessor-version":[{"id":1739,"href":"https:\/\/www.thomphotos.fr\/blog\/wp-json\/wp\/v2\/posts\/1738\/revisions\/1739"}],"wp:attachment":[{"href":"https:\/\/www.thomphotos.fr\/blog\/wp-json\/wp\/v2\/media?parent=1738"}],"wp:term":[{"taxonomy":"category","embeddable":true,"href":"https:\/\/www.thomphotos.fr\/blog\/wp-json\/wp\/v2\/categories?post=1738"},{"taxonomy":"post_tag","embeddable":true,"href":"https:\/\/www.thomphotos.fr\/blog\/wp-json\/wp\/v2\/tags?post=1738"}],"curies":[{"name":"wp","href":"https:\/\/api.w.org\/{rel}","templated":true}]}}