{"id":1782,"date":"2021-11-28T17:23:39","date_gmt":"2021-11-28T15:23:39","guid":{"rendered":"http:\/\/www.thomphotos.fr\/blog\/?p=1782"},"modified":"2021-11-28T17:23:39","modified_gmt":"2021-11-28T15:23:39","slug":"nouveau-partenaire-2","status":"publish","type":"post","link":"https:\/\/www.thomphotos.fr\/blog\/nouveau-partenaire-2\/","title":{"rendered":"Nouveau partenaire"},"content":{"rendered":"<div id=\"fb_share_1\" style=\"float: right; margin-left: 10px;\"><a name=\"fb_share\" type=\"box_count\" share_url=\"https:\/\/www.thomphotos.fr\/blog\/nouveau-partenaire-2\/\" href=\"http:\/\/www.facebook.com\/sharer.php\">Share<\/a><\/div><div><script src=\"http:\/\/static.ak.fbcdn.net\/connect.php\/js\/FB.Share\" type=\"text\/javascript\"><\/script><\/div>\n<p>Bonjour \u00e0 tous !<br>Aujourd&rsquo;hui pas de photos ajout\u00e9es, mais un partenaire !<\/p>\n\n\n\n<p>En effet, le site compte un partenaire de plus : <a href=\"https:\/\/www.facebook.com\/notesgourmandesbrive\">Notes Gourmandes \u00e0 Brive-la-Gaillarde<\/a>.<br>Pour les habitants de Brive et r\u00e9gion, vous pouvez lui commander vos g\u00e2teaux, macarons, chocolats, tartes, b\u00fbches, etc\u2026  &#x1f370; &#x1f9c1;  &#x1f967; <br>La qualit\u00e9 est pr\u00e9sente, tant gustativement que visuellement, c&rsquo;est trop bon !   &#x1f60b; <\/p>\n\n\n\n<figure class=\"wp-block-image\"><a href=\"https:\/\/www.facebook.com\/notesgourmandesbrive\"><img decoding=\"async\" src=\"http:\/\/www.thomphotos.fr\/images\/Partenaires\/Notes_gourmandes.png\" alt=\"\"\/><\/a><\/figure>\n\n\n\n<p>Les f\u00eates de fin d&rsquo;ann\u00e9es approchant, pensez-y pour de bons g\u00e2teaux et ballotins de chocolats !<\/p>\n\n\n\n<p>Pour ma part, peu de temps libre ces derniers jours pour ajouter beaucoup de photos au site.<\/p>\n\n\n\n<p>En attendant, je vous souhaite une bonne fin de week-end et \u00e0 la semaine prochaine !  &#x1f428; <\/p>\n","protected":false},"excerpt":{"rendered":"<p>Share Bonjour \u00e0 tous !Aujourd&rsquo;hui pas de photos ajout\u00e9es, mais un partenaire ! En effet, le site compte un partenaire de plus : Notes Gourmandes \u00e0 Brive-la-Gaillarde.Pour les habitants de Brive et r\u00e9gion, vous pouvez lui commander vos g\u00e2teaux, macarons, &hellip; <a href=\"https:\/\/www.thomphotos.fr\/blog\/nouveau-partenaire-2\/\">Continuer la lecture <span class=\"meta-nav\">&rarr;<\/span><\/a><\/p>\n","protected":false},"author":1,"featured_media":0,"comment_status":"open","ping_status":"open","sticky":false,"template":"","format":"standard","meta":{"footnotes":""},"categories":[3,57],"tags":[175,195],"class_list":["post-1782","post","type-post","status-publish","format-standard","hentry","category-news","category-site-et-blog","tag-news","tag-site-et-blog"],"_links":{"self":[{"href":"https:\/\/www.thomphotos.fr\/blog\/wp-json\/wp\/v2\/posts\/1782","targetHints":{"allow":["GET"]}}],"collection":[{"href":"https:\/\/www.thomphotos.fr\/blog\/wp-json\/wp\/v2\/posts"}],"about":[{"href":"https:\/\/www.thomphotos.fr\/blog\/wp-json\/wp\/v2\/types\/post"}],"author":[{"embeddable":true,"href":"https:\/\/www.thomphotos.fr\/blog\/wp-json\/wp\/v2\/users\/1"}],"replies":[{"embeddable":true,"href":"https:\/\/www.thomphotos.fr\/blog\/wp-json\/wp\/v2\/comments?post=1782"}],"version-history":[{"count":2,"href":"https:\/\/www.thomphotos.fr\/blog\/wp-json\/wp\/v2\/posts\/1782\/revisions"}],"predecessor-version":[{"id":1784,"href":"https:\/\/www.thomphotos.fr\/blog\/wp-json\/wp\/v2\/posts\/1782\/revisions\/1784"}],"wp:attachment":[{"href":"https:\/\/www.thomphotos.fr\/blog\/wp-json\/wp\/v2\/media?parent=1782"}],"wp:term":[{"taxonomy":"category","embeddable":true,"href":"https:\/\/www.thomphotos.fr\/blog\/wp-json\/wp\/v2\/categories?post=1782"},{"taxonomy":"post_tag","embeddable":true,"href":"https:\/\/www.thomphotos.fr\/blog\/wp-json\/wp\/v2\/tags?post=1782"}],"curies":[{"name":"wp","href":"https:\/\/api.w.org\/{rel}","templated":true}]}}