{"id":1801,"date":"2022-02-26T17:14:19","date_gmt":"2022-02-26T15:14:19","guid":{"rendered":"http:\/\/www.thomphotos.fr\/blog\/?p=1801"},"modified":"2022-02-26T17:14:19","modified_gmt":"2022-02-26T15:14:19","slug":"eurodisneyyy","status":"publish","type":"post","link":"https:\/\/www.thomphotos.fr\/blog\/eurodisneyyy\/","title":{"rendered":"Eurodisneyyy !"},"content":{"rendered":"<div id=\"fb_share_1\" style=\"float: right; margin-left: 10px;\"><a name=\"fb_share\" type=\"box_count\" share_url=\"https:\/\/www.thomphotos.fr\/blog\/eurodisneyyy\/\" href=\"http:\/\/www.facebook.com\/sharer.php\">Share<\/a><\/div><div><script src=\"http:\/\/static.ak.fbcdn.net\/connect.php\/js\/FB.Share\" type=\"text\/javascript\"><\/script><\/div>\n<p>Bonjour \u00e0 tous !<\/p>\n\n\n\n<p>J&rsquo;esp\u00e8re que vous allez bien, malgr\u00e9 la p\u00e9riode actuelle. Afin de d\u00e9tendre un peu l&rsquo;atmosph\u00e8re, je vous propose <a href=\"http:\/\/www.thomphotos.fr\/index.php?page=2021\/r_eurodisney\">un petit reportage au mus\u00e9e de l&rsquo;Homme puis \u00e0 Eurodisney<\/a> (un reportage qu&rsquo;on voulait faire depuis des ann\u00e9es avec Bibi !  &#x1f601; ).<\/p>\n\n\n\n<figure class=\"wp-block-image\"><img decoding=\"async\" src=\"http:\/\/www.thomphotos.fr\/pages\/2021\/R_eurodisney\/Disney_96.jpg\" alt=\"\"\/><\/figure>\n\n\n\n<p>\u00c0 c\u00f4t\u00e9, je me suis mis sur le montage de la vid\u00e9o de recette pour le mille-feuille d&rsquo;ardoisier.<\/p>\n\n\n\n<p>Bonne lecture et une tr\u00e8s bonne semaine \u00e0 vous ! Courage aux ukrainiens !  &#x1f428; <\/p>\n\n\n\n<p><\/p>\n","protected":false},"excerpt":{"rendered":"<p>Share Bonjour \u00e0 tous ! J&rsquo;esp\u00e8re que vous allez bien, malgr\u00e9 la p\u00e9riode actuelle. Afin de d\u00e9tendre un peu l&rsquo;atmosph\u00e8re, je vous propose un petit reportage au mus\u00e9e de l&rsquo;Homme puis \u00e0 Eurodisney (un reportage qu&rsquo;on voulait faire depuis des &hellip; <a href=\"https:\/\/www.thomphotos.fr\/blog\/eurodisneyyy\/\">Continuer la lecture <span class=\"meta-nav\">&rarr;<\/span><\/a><\/p>\n","protected":false},"author":1,"featured_media":0,"comment_status":"open","ping_status":"open","sticky":false,"template":"","format":"standard","meta":{"footnotes":""},"categories":[3,4,23],"tags":[175,176,182],"class_list":["post-1801","post","type-post","status-publish","format-standard","hentry","category-news","category-photos","category-reportage","tag-news","tag-photos","tag-reportage"],"_links":{"self":[{"href":"https:\/\/www.thomphotos.fr\/blog\/wp-json\/wp\/v2\/posts\/1801","targetHints":{"allow":["GET"]}}],"collection":[{"href":"https:\/\/www.thomphotos.fr\/blog\/wp-json\/wp\/v2\/posts"}],"about":[{"href":"https:\/\/www.thomphotos.fr\/blog\/wp-json\/wp\/v2\/types\/post"}],"author":[{"embeddable":true,"href":"https:\/\/www.thomphotos.fr\/blog\/wp-json\/wp\/v2\/users\/1"}],"replies":[{"embeddable":true,"href":"https:\/\/www.thomphotos.fr\/blog\/wp-json\/wp\/v2\/comments?post=1801"}],"version-history":[{"count":1,"href":"https:\/\/www.thomphotos.fr\/blog\/wp-json\/wp\/v2\/posts\/1801\/revisions"}],"predecessor-version":[{"id":1802,"href":"https:\/\/www.thomphotos.fr\/blog\/wp-json\/wp\/v2\/posts\/1801\/revisions\/1802"}],"wp:attachment":[{"href":"https:\/\/www.thomphotos.fr\/blog\/wp-json\/wp\/v2\/media?parent=1801"}],"wp:term":[{"taxonomy":"category","embeddable":true,"href":"https:\/\/www.thomphotos.fr\/blog\/wp-json\/wp\/v2\/categories?post=1801"},{"taxonomy":"post_tag","embeddable":true,"href":"https:\/\/www.thomphotos.fr\/blog\/wp-json\/wp\/v2\/tags?post=1801"}],"curies":[{"name":"wp","href":"https:\/\/api.w.org\/{rel}","templated":true}]}}